{"id":1013,"date":"2023-07-26T10:16:16","date_gmt":"2023-07-26T08:16:16","guid":{"rendered":"http:\/\/divadlometeora.cz\/?p=1013"},"modified":"2023-07-26T10:16:16","modified_gmt":"2023-07-26T08:16:16","slug":"panenka-v-senince","status":"publish","type":"post","link":"http:\/\/divadlometeora.cz\/?p=1013","title":{"rendered":"Panenka v Senince"},"content":{"rendered":"<p>A s p\u0159edstaven\u00edm Panenka jedeme letos tak\u00e9 do Seninky \ud83d\ude42<\/p>\n<p>P\u00e1tek, 4. 8. 2023 od 20:00 hod u Kulturn\u00edho domu na h\u0159i\u0161ti \ud83d\ude42<\/p>\n<p><a href=\"http:\/\/divadlometeora.cz\/wp-content\/uploads\/2023\/07\/Panenka-Seninka.jpg\"><img decoding=\"async\" loading=\"lazy\" class=\"alignnone wp-image-1014 size-full\" src=\"http:\/\/divadlometeora.cz\/wp-content\/uploads\/2023\/07\/Panenka-Seninka.jpg\" alt=\"\" width=\"1425\" height=\"2015\" srcset=\"http:\/\/divadlometeora.cz\/wp-content\/uploads\/2023\/07\/Panenka-Seninka.jpg 1425w, http:\/\/divadlometeora.cz\/wp-content\/uploads\/2023\/07\/Panenka-Seninka-212x300.jpg 212w, http:\/\/divadlometeora.cz\/wp-content\/uploads\/2023\/07\/Panenka-Seninka-768x1086.jpg 768w, http:\/\/divadlometeora.cz\/wp-content\/uploads\/2023\/07\/Panenka-Seninka-724x1024.jpg 724w\" sizes=\"(max-width: 1425px) 100vw, 1425px\" \/><\/a><\/p>\n","protected":false},"excerpt":{"rendered":"<p>A s p\u0159edstaven\u00edm Panenka jedeme letos tak\u00e9 do Seninky \ud83d\ude42 P\u00e1tek, 4. 8. 2023 od 20:00 hod u Kulturn\u00edho domu na h\u0159i\u0161ti \ud83d\ude42<\/p>\n","protected":false},"author":1,"featured_media":0,"comment_status":"open","ping_status":"open","sticky":false,"template":"","format":"standard","meta":{"footnotes":""},"categories":[7],"tags":[],"_links":{"self":[{"href":"http:\/\/divadlometeora.cz\/index.php?rest_route=\/wp\/v2\/posts\/1013"}],"collection":[{"href":"http:\/\/divadlometeora.cz\/index.php?rest_route=\/wp\/v2\/posts"}],"about":[{"href":"http:\/\/divadlometeora.cz\/index.php?rest_route=\/wp\/v2\/types\/post"}],"author":[{"embeddable":true,"href":"http:\/\/divadlometeora.cz\/index.php?rest_route=\/wp\/v2\/users\/1"}],"replies":[{"embeddable":true,"href":"http:\/\/divadlometeora.cz\/index.php?rest_route=%2Fwp%2Fv2%2Fcomments&post=1013"}],"version-history":[{"count":1,"href":"http:\/\/divadlometeora.cz\/index.php?rest_route=\/wp\/v2\/posts\/1013\/revisions"}],"predecessor-version":[{"id":1015,"href":"http:\/\/divadlometeora.cz\/index.php?rest_route=\/wp\/v2\/posts\/1013\/revisions\/1015"}],"wp:attachment":[{"href":"http:\/\/divadlometeora.cz\/index.php?rest_route=%2Fwp%2Fv2%2Fmedia&parent=1013"}],"wp:term":[{"taxonomy":"category","embeddable":true,"href":"http:\/\/divadlometeora.cz\/index.php?rest_route=%2Fwp%2Fv2%2Fcategories&post=1013"},{"taxonomy":"post_tag","embeddable":true,"href":"http:\/\/divadlometeora.cz\/index.php?rest_route=%2Fwp%2Fv2%2Ftags&post=1013"}],"curies":[{"name":"wp","href":"https:\/\/api.w.org\/{rel}","templated":true}]}}