{"id":1020,"date":"2023-09-29T11:54:17","date_gmt":"2023-09-29T09:54:17","guid":{"rendered":"http:\/\/divadlometeora.cz\/?p=1020"},"modified":"2023-09-29T11:54:17","modified_gmt":"2023-09-29T09:54:17","slug":"praha-uz-vola","status":"publish","type":"post","link":"http:\/\/divadlometeora.cz\/?p=1020","title":{"rendered":"PRAHA U\u017d VOL\u00c1"},"content":{"rendered":"<p>Mil\u00ed na\u0161\u00ed p\u0159\u00edznivci a p\u0159\u00e1tel\u00e9,<\/p>\n<p>s\u00a0velkou hrdost\u00ed bychom V\u00e1m cht\u011bli ozn\u00e1mit, \u017ee na\u0161e divadlo z\u00edskalo velkolep\u00e9 anga\u017em\u00e1, vyj\u00ed\u017ed\u00edme do Prahy \ud83d\ude42\u00a0 Obdr\u017eeli jsme pozv\u00e1n\u00ed na mezin\u00e1rodn\u00ed festival <strong><em>Gavranfest<\/em><\/strong><em>, <\/em>kter\u00fd se kon\u00e1 od <em>9. 10. 2023 do 14. 10. 2023<\/em>.<\/p>\n<p>Jedn\u00e1 se o festival v\u011bnovan\u00fdm divadeln\u00edm hr\u00e1m \u017eij\u00edc\u00edho autora <strong>Mira Gavrana<\/strong>. A my jsme zaujali na za\u010d\u00e1tku tohoto roku p\u0159ekladatele jeho tvorby <strong>Franti\u0161ka Karocha,\u00a0<\/strong>d\u00edky n\u011bmu s velkou ct\u00ed odehrajeme na festivalu svoji verzi divadeln\u00ed hry\u00a0<strong><u>Dokonal\u00fd Partner<\/u><\/strong>.<\/p>\n<p>Hrajeme <em><u>13. 10. 2023 (p\u00e1tek)<\/u><\/em> v\u00a0divadle <em><u>Semafor<\/u> <\/em>\u00a0v\u00a0<em><u>19:00<\/u><\/em>. \u00a0 Pokud zrovna budete na m\u00edst\u011b, p\u0159ij\u010fte n\u00e1s povzbudit, pot\u011b\u0161\u00ed to a povzbud\u00ed, budeme to pot\u0159ebovat. \ud83d\ude42<\/p>\n<p>A kdy\u017e to nevyjde, dr\u017ete n\u00e1m pale\u010dky na d\u00e1lku.\u00a0 My se V\u00e1m pak ozveme \ud83d\ude42<\/p>\n<div style=\"width: 604px;\" class=\"wp-video\"><!--[if lt IE 9]><script>document.createElement('video');<\/script><![endif]-->\n<video class=\"wp-video-shortcode\" id=\"video-1020-1\" width=\"604\" height=\"340\" autoplay=\"1\" preload=\"metadata\" controls=\"controls\"><source type=\"video\/mp4\" src=\"http:\/\/divadlometeora.cz\/wp-content\/uploads\/2023\/09\/GavranFest_CZE_internet-1.mp4?_=1\" \/><a href=\"http:\/\/divadlometeora.cz\/wp-content\/uploads\/2023\/09\/GavranFest_CZE_internet-1.mp4\">http:\/\/divadlometeora.cz\/wp-content\/uploads\/2023\/09\/GavranFest_CZE_internet-1.mp4<\/a><\/video><\/div>\n","protected":false},"excerpt":{"rendered":"<p>Mil\u00ed na\u0161\u00ed p\u0159\u00edznivci a p\u0159\u00e1tel\u00e9, s\u00a0velkou hrdost\u00ed bychom V\u00e1m cht\u011bli ozn\u00e1mit, \u017ee na\u0161e divadlo z\u00edskalo velkolep\u00e9 anga\u017em\u00e1, vyj\u00ed\u017ed\u00edme do Prahy \ud83d\ude42\u00a0 Obdr\u017eeli jsme pozv\u00e1n\u00ed na mezin\u00e1rodn\u00ed festival Gavranfest, kter\u00fd se [&hellip;]<\/p>\n","protected":false},"author":1,"featured_media":0,"comment_status":"open","ping_status":"open","sticky":false,"template":"","format":"standard","meta":{"footnotes":""},"categories":[9],"tags":[],"_links":{"self":[{"href":"http:\/\/divadlometeora.cz\/index.php?rest_route=\/wp\/v2\/posts\/1020"}],"collection":[{"href":"http:\/\/divadlometeora.cz\/index.php?rest_route=\/wp\/v2\/posts"}],"about":[{"href":"http:\/\/divadlometeora.cz\/index.php?rest_route=\/wp\/v2\/types\/post"}],"author":[{"embeddable":true,"href":"http:\/\/divadlometeora.cz\/index.php?rest_route=\/wp\/v2\/users\/1"}],"replies":[{"embeddable":true,"href":"http:\/\/divadlometeora.cz\/index.php?rest_route=%2Fwp%2Fv2%2Fcomments&post=1020"}],"version-history":[{"count":2,"href":"http:\/\/divadlometeora.cz\/index.php?rest_route=\/wp\/v2\/posts\/1020\/revisions"}],"predecessor-version":[{"id":1023,"href":"http:\/\/divadlometeora.cz\/index.php?rest_route=\/wp\/v2\/posts\/1020\/revisions\/1023"}],"wp:attachment":[{"href":"http:\/\/divadlometeora.cz\/index.php?rest_route=%2Fwp%2Fv2%2Fmedia&parent=1020"}],"wp:term":[{"taxonomy":"category","embeddable":true,"href":"http:\/\/divadlometeora.cz\/index.php?rest_route=%2Fwp%2Fv2%2Fcategories&post=1020"},{"taxonomy":"post_tag","embeddable":true,"href":"http:\/\/divadlometeora.cz\/index.php?rest_route=%2Fwp%2Fv2%2Ftags&post=1020"}],"curies":[{"name":"wp","href":"https:\/\/api.w.org\/{rel}","templated":true}]}}