{"id":1128,"date":"2023-11-22T15:08:09","date_gmt":"2023-11-22T13:08:09","guid":{"rendered":"http:\/\/divadlometeora.cz\/?p=1128"},"modified":"2023-11-22T15:12:12","modified_gmt":"2023-11-22T13:12:12","slug":"zrusena-premiera-v-karolince","status":"publish","type":"post","link":"http:\/\/divadlometeora.cz\/?p=1128","title":{"rendered":"ZRU\u0160EN\u00c1 PREMI\u00c9RA V KAROLINCE"},"content":{"rendered":"\n<p>Mil\u00ed divadeln\u00ed p\u0159\u00edznivci a p\u0159\u00e1tel\u00e9,<\/p>\n\n\n\n<p>je n\u00e1m moc l\u00edto, ale z d\u016fvodu nemoci jsme nuceni zru\u0161it premi\u00e9ru v Karolince \ud83d\ude41 Nemus\u00edte se ale ob\u00e1vat, ji\u017e pro V\u00e1s do Karolinky vym\u00fd\u0161l\u00edme n\u00e1hradn\u00ed term\u00edn \ud83d\ude42<\/p>\n\n\n\n<p>D\u011bkujeme v\u0161em za pochopen\u00ed, zdrav\u00ed je p\u0159ece jen na prvn\u00edm m\u00edst\u011b \ud83d\ude42<\/p>\n\n\n<div class=\"wp-block-image\">\n<figure class=\"aligncenter size-large\"><a href=\"http:\/\/divadlometeora.cz\/wp-content\/uploads\/2023\/11\/ikona-zrus-2.jpg\"><img decoding=\"async\" loading=\"lazy\" width=\"724\" height=\"1024\" src=\"http:\/\/divadlometeora.cz\/wp-content\/uploads\/2023\/11\/ikona-zrus-2-724x1024.jpg\" alt=\"\" class=\"wp-image-1132\" srcset=\"http:\/\/divadlometeora.cz\/wp-content\/uploads\/2023\/11\/ikona-zrus-2-724x1024.jpg 724w, http:\/\/divadlometeora.cz\/wp-content\/uploads\/2023\/11\/ikona-zrus-2-212x300.jpg 212w, http:\/\/divadlometeora.cz\/wp-content\/uploads\/2023\/11\/ikona-zrus-2-768x1086.jpg 768w, http:\/\/divadlometeora.cz\/wp-content\/uploads\/2023\/11\/ikona-zrus-2-1086x1536.jpg 1086w, http:\/\/divadlometeora.cz\/wp-content\/uploads\/2023\/11\/ikona-zrus-2.jpg 1448w\" sizes=\"(max-width: 724px) 100vw, 724px\" \/><\/a><\/figure><\/div>","protected":false},"excerpt":{"rendered":"<p>Mil\u00ed divadeln\u00ed p\u0159\u00edznivci a p\u0159\u00e1tel\u00e9, je n\u00e1m moc l\u00edto, ale z d\u016fvodu nemoci jsme nuceni zru\u0161it premi\u00e9ru v Karolince \ud83d\ude41 Nemus\u00edte se ale ob\u00e1vat, ji\u017e pro V\u00e1s do Karolinky vym\u00fd\u0161l\u00edme [&hellip;]<\/p>\n","protected":false},"author":1,"featured_media":0,"comment_status":"open","ping_status":"open","sticky":false,"template":"","format":"standard","meta":{"footnotes":""},"categories":[7],"tags":[],"_links":{"self":[{"href":"http:\/\/divadlometeora.cz\/index.php?rest_route=\/wp\/v2\/posts\/1128"}],"collection":[{"href":"http:\/\/divadlometeora.cz\/index.php?rest_route=\/wp\/v2\/posts"}],"about":[{"href":"http:\/\/divadlometeora.cz\/index.php?rest_route=\/wp\/v2\/types\/post"}],"author":[{"embeddable":true,"href":"http:\/\/divadlometeora.cz\/index.php?rest_route=\/wp\/v2\/users\/1"}],"replies":[{"embeddable":true,"href":"http:\/\/divadlometeora.cz\/index.php?rest_route=%2Fwp%2Fv2%2Fcomments&post=1128"}],"version-history":[{"count":3,"href":"http:\/\/divadlometeora.cz\/index.php?rest_route=\/wp\/v2\/posts\/1128\/revisions"}],"predecessor-version":[{"id":1134,"href":"http:\/\/divadlometeora.cz\/index.php?rest_route=\/wp\/v2\/posts\/1128\/revisions\/1134"}],"wp:attachment":[{"href":"http:\/\/divadlometeora.cz\/index.php?rest_route=%2Fwp%2Fv2%2Fmedia&parent=1128"}],"wp:term":[{"taxonomy":"category","embeddable":true,"href":"http:\/\/divadlometeora.cz\/index.php?rest_route=%2Fwp%2Fv2%2Fcategories&post=1128"},{"taxonomy":"post_tag","embeddable":true,"href":"http:\/\/divadlometeora.cz\/index.php?rest_route=%2Fwp%2Fv2%2Ftags&post=1128"}],"curies":[{"name":"wp","href":"https:\/\/api.w.org\/{rel}","templated":true}]}}