{"id":1202,"date":"2024-07-01T12:48:33","date_gmt":"2024-07-01T10:48:33","guid":{"rendered":"http:\/\/divadlometeora.cz\/?p=1202"},"modified":"2024-07-01T12:48:33","modified_gmt":"2024-07-01T10:48:33","slug":"maly-martan-usti-u-vsetina","status":"publish","type":"post","link":"http:\/\/divadlometeora.cz\/?p=1202","title":{"rendered":"MAL\u00dd MAR\u0164AN &#8211; \u00daST\u00cd U VSET\u00cdNA"},"content":{"rendered":"\n<p>Jeliko\u017e d\u011btem za\u010daly pr\u00e1zdniny a s pr\u00e1zdninami za\u010dala i na\u0161e OPEN AIR divadeln\u00ed sez\u00f3na, je na\u010dase vyjet s Mal\u00fdm Mar\u0165anem pod \u0161ir\u00e9 nebe \ud83d\ude42 Letn\u00ed sez\u00f3nu s poh\u00e1dkou zah\u00e1j\u00edme v ned\u011bli 14. 7. 2024 v 17:00 hod na h\u0159i\u0161ti u Kav\u00e1rny Sokol klub v \u00dast\u00ed u Vset\u00edna. T\u011b\u0161\u00edte se? My ano \ud83d\ude42<\/p>\n\n\n<div class=\"wp-block-image\">\n<figure class=\"aligncenter size-large\"><a href=\"http:\/\/divadlometeora.cz\/wp-content\/uploads\/2024\/07\/maly-martan-plakat-usti-scaled.jpg\"><img decoding=\"async\" loading=\"lazy\" width=\"729\" height=\"1024\" src=\"http:\/\/divadlometeora.cz\/wp-content\/uploads\/2024\/07\/maly-martan-plakat-usti-729x1024.jpg\" alt=\"\" class=\"wp-image-1203\" srcset=\"http:\/\/divadlometeora.cz\/wp-content\/uploads\/2024\/07\/maly-martan-plakat-usti-729x1024.jpg 729w, http:\/\/divadlometeora.cz\/wp-content\/uploads\/2024\/07\/maly-martan-plakat-usti-214x300.jpg 214w, http:\/\/divadlometeora.cz\/wp-content\/uploads\/2024\/07\/maly-martan-plakat-usti-768x1079.jpg 768w, http:\/\/divadlometeora.cz\/wp-content\/uploads\/2024\/07\/maly-martan-plakat-usti-1093x1536.jpg 1093w, http:\/\/divadlometeora.cz\/wp-content\/uploads\/2024\/07\/maly-martan-plakat-usti-1458x2048.jpg 1458w, http:\/\/divadlometeora.cz\/wp-content\/uploads\/2024\/07\/maly-martan-plakat-usti-scaled.jpg 1822w\" sizes=\"(max-width: 729px) 100vw, 729px\" \/><\/a><\/figure><\/div>","protected":false},"excerpt":{"rendered":"<p>Jeliko\u017e d\u011btem za\u010daly pr\u00e1zdniny a s pr\u00e1zdninami za\u010dala i na\u0161e OPEN AIR divadeln\u00ed sez\u00f3na, je na\u010dase vyjet s Mal\u00fdm Mar\u0165anem pod \u0161ir\u00e9 nebe \ud83d\ude42 Letn\u00ed sez\u00f3nu s poh\u00e1dkou zah\u00e1j\u00edme v [&hellip;]<\/p>\n","protected":false},"author":1,"featured_media":0,"comment_status":"open","ping_status":"open","sticky":false,"template":"","format":"standard","meta":{"footnotes":""},"categories":[7],"tags":[],"_links":{"self":[{"href":"http:\/\/divadlometeora.cz\/index.php?rest_route=\/wp\/v2\/posts\/1202"}],"collection":[{"href":"http:\/\/divadlometeora.cz\/index.php?rest_route=\/wp\/v2\/posts"}],"about":[{"href":"http:\/\/divadlometeora.cz\/index.php?rest_route=\/wp\/v2\/types\/post"}],"author":[{"embeddable":true,"href":"http:\/\/divadlometeora.cz\/index.php?rest_route=\/wp\/v2\/users\/1"}],"replies":[{"embeddable":true,"href":"http:\/\/divadlometeora.cz\/index.php?rest_route=%2Fwp%2Fv2%2Fcomments&post=1202"}],"version-history":[{"count":1,"href":"http:\/\/divadlometeora.cz\/index.php?rest_route=\/wp\/v2\/posts\/1202\/revisions"}],"predecessor-version":[{"id":1204,"href":"http:\/\/divadlometeora.cz\/index.php?rest_route=\/wp\/v2\/posts\/1202\/revisions\/1204"}],"wp:attachment":[{"href":"http:\/\/divadlometeora.cz\/index.php?rest_route=%2Fwp%2Fv2%2Fmedia&parent=1202"}],"wp:term":[{"taxonomy":"category","embeddable":true,"href":"http:\/\/divadlometeora.cz\/index.php?rest_route=%2Fwp%2Fv2%2Fcategories&post=1202"},{"taxonomy":"post_tag","embeddable":true,"href":"http:\/\/divadlometeora.cz\/index.php?rest_route=%2Fwp%2Fv2%2Ftags&post=1202"}],"curies":[{"name":"wp","href":"https:\/\/api.w.org\/{rel}","templated":true}]}}