{"id":1209,"date":"2024-08-07T10:07:20","date_gmt":"2024-08-07T08:07:20","guid":{"rendered":"http:\/\/divadlometeora.cz\/?p=1209"},"modified":"2024-08-07T10:07:49","modified_gmt":"2024-08-07T08:07:49","slug":"dokonaly-partner-je-zpet","status":"publish","type":"post","link":"http:\/\/divadlometeora.cz\/?p=1209","title":{"rendered":"DOKONAL\u00dd PARTNER je ZP\u011aT"},"content":{"rendered":"\n<p>Mil\u00ed divadeln\u00ed p\u0159\u00edznivci a p\u0159\u00e1tel\u00e9 \ud83d\ude42 Vrac\u00edme se s Dokonal\u00fdm partnerem. <strong>U\u017e tento p\u00e1tek 9.8. se na n\u00e1s m\u016f\u017eete t\u011b\u0161it na Nov\u00e9m Hrozenkov\u011b u &#8222;Balatonu&#8220; <\/strong>Startujeme ve 20:00 hod, upozor\u0148ujeme, \u017ee divadlo nen\u00ed vhodn\u00e9 pro d\u011bti a vstupn\u00e9 dobrovoln\u00e9 \ud83d\ude42<\/p>\n\n\n\n<figure class=\"wp-block-image size-large\"><a href=\"http:\/\/divadlometeora.cz\/wp-content\/uploads\/2014\/08\/IMG_8607.jpg\"><img decoding=\"async\" loading=\"lazy\" width=\"1024\" height=\"683\" src=\"http:\/\/divadlometeora.cz\/wp-content\/uploads\/2014\/08\/IMG_8607-1024x683.jpg\" alt=\"\" class=\"wp-image-958\" srcset=\"http:\/\/divadlometeora.cz\/wp-content\/uploads\/2014\/08\/IMG_8607-1024x683.jpg 1024w, http:\/\/divadlometeora.cz\/wp-content\/uploads\/2014\/08\/IMG_8607-300x200.jpg 300w, http:\/\/divadlometeora.cz\/wp-content\/uploads\/2014\/08\/IMG_8607-768x512.jpg 768w\" sizes=\"(max-width: 1024px) 100vw, 1024px\" \/><\/a><\/figure>\n\n\n\n<p><\/p>\n\n\n\n<p>&#8230; n\u00e1sledn\u011b v sobotu 10.8. se p\u0159ijedeme pochlubit op\u011bt do Star\u00e9ho M\u011bsta k Za\u0161\u00edv\u00e1rn\u011b U Osla \ud83d\ude42<\/p>\n\n\n\n<p>Tak p\u0159ij\u010fte, my tam budeme a budeme se bavit \ud83d\ude42<\/p>\n\n\n\n<figure class=\"wp-block-image size-large\"><a href=\"http:\/\/divadlometeora.cz\/wp-content\/uploads\/2024\/08\/UOsla.jpg\"><img decoding=\"async\" loading=\"lazy\" width=\"731\" height=\"1024\" src=\"http:\/\/divadlometeora.cz\/wp-content\/uploads\/2024\/08\/UOsla-731x1024.jpg\" alt=\"\" class=\"wp-image-1210\" srcset=\"http:\/\/divadlometeora.cz\/wp-content\/uploads\/2024\/08\/UOsla-731x1024.jpg 731w, http:\/\/divadlometeora.cz\/wp-content\/uploads\/2024\/08\/UOsla-214x300.jpg 214w, http:\/\/divadlometeora.cz\/wp-content\/uploads\/2024\/08\/UOsla-768x1076.jpg 768w, http:\/\/divadlometeora.cz\/wp-content\/uploads\/2024\/08\/UOsla.jpg 1071w\" sizes=\"(max-width: 731px) 100vw, 731px\" \/><\/a><\/figure>\n\n\n\n<p><\/p>\n","protected":false},"excerpt":{"rendered":"<p>Mil\u00ed divadeln\u00ed p\u0159\u00edznivci a p\u0159\u00e1tel\u00e9 \ud83d\ude42 Vrac\u00edme se s Dokonal\u00fdm partnerem. U\u017e tento p\u00e1tek 9.8. se na n\u00e1s m\u016f\u017eete t\u011b\u0161it na Nov\u00e9m Hrozenkov\u011b u &#8222;Balatonu&#8220; Startujeme ve 20:00 hod, upozor\u0148ujeme, [&hellip;]<\/p>\n","protected":false},"author":1,"featured_media":0,"comment_status":"open","ping_status":"open","sticky":false,"template":"","format":"standard","meta":{"footnotes":""},"categories":[9],"tags":[],"_links":{"self":[{"href":"http:\/\/divadlometeora.cz\/index.php?rest_route=\/wp\/v2\/posts\/1209"}],"collection":[{"href":"http:\/\/divadlometeora.cz\/index.php?rest_route=\/wp\/v2\/posts"}],"about":[{"href":"http:\/\/divadlometeora.cz\/index.php?rest_route=\/wp\/v2\/types\/post"}],"author":[{"embeddable":true,"href":"http:\/\/divadlometeora.cz\/index.php?rest_route=\/wp\/v2\/users\/1"}],"replies":[{"embeddable":true,"href":"http:\/\/divadlometeora.cz\/index.php?rest_route=%2Fwp%2Fv2%2Fcomments&post=1209"}],"version-history":[{"count":2,"href":"http:\/\/divadlometeora.cz\/index.php?rest_route=\/wp\/v2\/posts\/1209\/revisions"}],"predecessor-version":[{"id":1212,"href":"http:\/\/divadlometeora.cz\/index.php?rest_route=\/wp\/v2\/posts\/1209\/revisions\/1212"}],"wp:attachment":[{"href":"http:\/\/divadlometeora.cz\/index.php?rest_route=%2Fwp%2Fv2%2Fmedia&parent=1209"}],"wp:term":[{"taxonomy":"category","embeddable":true,"href":"http:\/\/divadlometeora.cz\/index.php?rest_route=%2Fwp%2Fv2%2Fcategories&post=1209"},{"taxonomy":"post_tag","embeddable":true,"href":"http:\/\/divadlometeora.cz\/index.php?rest_route=%2Fwp%2Fv2%2Ftags&post=1209"}],"curies":[{"name":"wp","href":"https:\/\/api.w.org\/{rel}","templated":true}]}}