{"id":1325,"date":"2025-08-06T19:16:55","date_gmt":"2025-08-06T17:16:55","guid":{"rendered":"https:\/\/divadlometeora.cz\/?p=1325"},"modified":"2025-08-06T19:16:55","modified_gmt":"2025-08-06T17:16:55","slug":"totalne-stastni","status":"publish","type":"post","link":"http:\/\/divadlometeora.cz\/?p=1325","title":{"rendered":"Tot\u00e1ln\u011b \u0161\u0165astn\u00ed"},"content":{"rendered":"\n<p>Meteor\u00e1ck\u00e1 prvotina, premi\u00e9ra 1. 7. 2017. A st\u00e1le n\u00e1s bav\u00ed. St\u00e1le bav\u00ed V\u00e1s! \ud83d\ude42 Na tot\u00e1ln\u011b \u0161\u0165astn\u00e9 se m\u016f\u017eete p\u0159ij\u00edt pod\u00edvat v ned\u011bli 10. 8. 2025 v 19:00 hod do Prlova do Stodoly &#8222;U Rohl\u00edk\u016f&#8220;. \u010cek\u00e1 na V\u00e1s ob\u010derstven\u00ed, kr\u00e1sn\u00e9 prost\u0159ed\u00ed a samoz\u0159ejm\u011b MY \ud83d\ude42 <\/p>\n\n\n\n<figure class=\"wp-block-image size-large\"><a href=\"https:\/\/divadlometeora.cz\/wp-content\/uploads\/2025\/08\/D7A76EE1-CD44-4CEA-BCA6-31915847F312.jpg\"><img decoding=\"async\" loading=\"lazy\" width=\"768\" height=\"1024\" src=\"https:\/\/divadlometeora.cz\/wp-content\/uploads\/2025\/08\/D7A76EE1-CD44-4CEA-BCA6-31915847F312-768x1024.jpg\" alt=\"\" class=\"wp-image-1326\" srcset=\"http:\/\/divadlometeora.cz\/wp-content\/uploads\/2025\/08\/D7A76EE1-CD44-4CEA-BCA6-31915847F312-768x1024.jpg 768w, http:\/\/divadlometeora.cz\/wp-content\/uploads\/2025\/08\/D7A76EE1-CD44-4CEA-BCA6-31915847F312-225x300.jpg 225w, http:\/\/divadlometeora.cz\/wp-content\/uploads\/2025\/08\/D7A76EE1-CD44-4CEA-BCA6-31915847F312-1152x1536.jpg 1152w, http:\/\/divadlometeora.cz\/wp-content\/uploads\/2025\/08\/D7A76EE1-CD44-4CEA-BCA6-31915847F312.jpg 1448w\" sizes=\"(max-width: 768px) 100vw, 768px\" \/><\/a><\/figure>\n","protected":false},"excerpt":{"rendered":"<p>Meteor\u00e1ck\u00e1 prvotina, premi\u00e9ra 1. 7. 2017. A st\u00e1le n\u00e1s bav\u00ed. St\u00e1le bav\u00ed V\u00e1s! \ud83d\ude42 Na tot\u00e1ln\u011b \u0161\u0165astn\u00e9 se m\u016f\u017eete p\u0159ij\u00edt pod\u00edvat v ned\u011bli 10. 8. 2025 v 19:00 hod do [&hellip;]<\/p>\n","protected":false},"author":1,"featured_media":0,"comment_status":"open","ping_status":"open","sticky":false,"template":"","format":"standard","meta":{"footnotes":""},"categories":[3],"tags":[],"_links":{"self":[{"href":"http:\/\/divadlometeora.cz\/index.php?rest_route=\/wp\/v2\/posts\/1325"}],"collection":[{"href":"http:\/\/divadlometeora.cz\/index.php?rest_route=\/wp\/v2\/posts"}],"about":[{"href":"http:\/\/divadlometeora.cz\/index.php?rest_route=\/wp\/v2\/types\/post"}],"author":[{"embeddable":true,"href":"http:\/\/divadlometeora.cz\/index.php?rest_route=\/wp\/v2\/users\/1"}],"replies":[{"embeddable":true,"href":"http:\/\/divadlometeora.cz\/index.php?rest_route=%2Fwp%2Fv2%2Fcomments&post=1325"}],"version-history":[{"count":1,"href":"http:\/\/divadlometeora.cz\/index.php?rest_route=\/wp\/v2\/posts\/1325\/revisions"}],"predecessor-version":[{"id":1327,"href":"http:\/\/divadlometeora.cz\/index.php?rest_route=\/wp\/v2\/posts\/1325\/revisions\/1327"}],"wp:attachment":[{"href":"http:\/\/divadlometeora.cz\/index.php?rest_route=%2Fwp%2Fv2%2Fmedia&parent=1325"}],"wp:term":[{"taxonomy":"category","embeddable":true,"href":"http:\/\/divadlometeora.cz\/index.php?rest_route=%2Fwp%2Fv2%2Fcategories&post=1325"},{"taxonomy":"post_tag","embeddable":true,"href":"http:\/\/divadlometeora.cz\/index.php?rest_route=%2Fwp%2Fv2%2Ftags&post=1325"}],"curies":[{"name":"wp","href":"https:\/\/api.w.org\/{rel}","templated":true}]}}