{"id":287,"date":"2018-02-14T09:41:44","date_gmt":"2018-02-14T07:41:44","guid":{"rendered":"http:\/\/divadlometeora.cz\/?p=287"},"modified":"2018-02-14T09:41:44","modified_gmt":"2018-02-14T07:41:44","slug":"valasske-mezirici-28-2-2018","status":"publish","type":"post","link":"http:\/\/divadlometeora.cz\/?p=287","title":{"rendered":"Vala\u0161sk\u00e9 Mezi\u0159\u00ed\u010d\u00ed 28.2.2018"},"content":{"rendered":"<p>Pokra\u010dujeme \ud83d\ude42 Je\u0161t\u011b relaxujeme a nab\u00edr\u00e1me s\u00edly, ale na p\u0159edstaven\u00ed do ValMezu u\u017e budeme fit \ud83d\ude42<\/p>\n<p>Vezm\u011bte rodinu, p\u0159\u00e1tele, kamar\u00e1dy a p\u0159ij\u010fte si odpo\u010dinout a pobavit se s Tot\u00e1ln\u011b \u0161\u0165astn\u00fdmi! T\u011b\u0161\u00edme se na V\u00e1s \ud83d\ude42<\/p>\n<p><a href=\"http:\/\/divadlometeora.cz\/wp-content\/uploads\/2018\/02\/02-28-TOT\u00c1LN\u011a-\u0160\u0164ASTN\u00cd.jpg\"><img decoding=\"async\" loading=\"lazy\" class=\"alignnone wp-image-285 size-large\" src=\"http:\/\/divadlometeora.cz\/wp-content\/uploads\/2018\/02\/02-28-TOT\u00c1LN\u011a-\u0160\u0164ASTN\u00cd-724x1024.jpg\" alt=\"\" width=\"604\" height=\"854\" srcset=\"http:\/\/divadlometeora.cz\/wp-content\/uploads\/2018\/02\/02-28-TOT\u00c1LN\u011a-\u0160\u0164ASTN\u00cd-724x1024.jpg 724w, http:\/\/divadlometeora.cz\/wp-content\/uploads\/2018\/02\/02-28-TOT\u00c1LN\u011a-\u0160\u0164ASTN\u00cd-212x300.jpg 212w, http:\/\/divadlometeora.cz\/wp-content\/uploads\/2018\/02\/02-28-TOT\u00c1LN\u011a-\u0160\u0164ASTN\u00cd-768x1086.jpg 768w\" sizes=\"(max-width: 604px) 100vw, 604px\" \/><\/a><\/p>\n","protected":false},"excerpt":{"rendered":"<p>Pokra\u010dujeme \ud83d\ude42 Je\u0161t\u011b relaxujeme a nab\u00edr\u00e1me s\u00edly, ale na p\u0159edstaven\u00ed do ValMezu u\u017e budeme fit \ud83d\ude42 Vezm\u011bte rodinu, p\u0159\u00e1tele, kamar\u00e1dy a p\u0159ij\u010fte si odpo\u010dinout a pobavit se s Tot\u00e1ln\u011b \u0161\u0165astn\u00fdmi! [&hellip;]<\/p>\n","protected":false},"author":1,"featured_media":0,"comment_status":"open","ping_status":"open","sticky":false,"template":"","format":"standard","meta":{"footnotes":""},"categories":[3],"tags":[],"_links":{"self":[{"href":"http:\/\/divadlometeora.cz\/index.php?rest_route=\/wp\/v2\/posts\/287"}],"collection":[{"href":"http:\/\/divadlometeora.cz\/index.php?rest_route=\/wp\/v2\/posts"}],"about":[{"href":"http:\/\/divadlometeora.cz\/index.php?rest_route=\/wp\/v2\/types\/post"}],"author":[{"embeddable":true,"href":"http:\/\/divadlometeora.cz\/index.php?rest_route=\/wp\/v2\/users\/1"}],"replies":[{"embeddable":true,"href":"http:\/\/divadlometeora.cz\/index.php?rest_route=%2Fwp%2Fv2%2Fcomments&post=287"}],"version-history":[{"count":1,"href":"http:\/\/divadlometeora.cz\/index.php?rest_route=\/wp\/v2\/posts\/287\/revisions"}],"predecessor-version":[{"id":288,"href":"http:\/\/divadlometeora.cz\/index.php?rest_route=\/wp\/v2\/posts\/287\/revisions\/288"}],"wp:attachment":[{"href":"http:\/\/divadlometeora.cz\/index.php?rest_route=%2Fwp%2Fv2%2Fmedia&parent=287"}],"wp:term":[{"taxonomy":"category","embeddable":true,"href":"http:\/\/divadlometeora.cz\/index.php?rest_route=%2Fwp%2Fv2%2Fcategories&post=287"},{"taxonomy":"post_tag","embeddable":true,"href":"http:\/\/divadlometeora.cz\/index.php?rest_route=%2Fwp%2Fv2%2Ftags&post=287"}],"curies":[{"name":"wp","href":"https:\/\/api.w.org\/{rel}","templated":true}]}}