{"id":289,"date":"2018-02-28T23:14:01","date_gmt":"2018-02-28T21:14:01","guid":{"rendered":"http:\/\/divadlometeora.cz\/?p=289"},"modified":"2018-02-28T23:14:01","modified_gmt":"2018-02-28T21:14:01","slug":"retechov-hospudka-u-duboveho-stolu","status":"publish","type":"post","link":"http:\/\/divadlometeora.cz\/?p=289","title":{"rendered":"\u0158etechov Hosp\u016fdka u Dubov\u00e9ho stolu"},"content":{"rendered":"<p>Op\u011bt d\u011bkujeme V\u0161em, kdo n\u00e1s p\u0159i\u0161li podpo\u0159it do Vala\u0161sk\u00e9ho Mezi\u0159\u00ed\u010d\u00ed. Byli jste \u00fa\u017easn\u00ed a to je to, pro\u010d to d\u011bl\u00e1me a pro\u010d n\u00e1s to tak bav\u00ed \ud83d\ude42 Jste to Vy \ud83d\ude42 \ud83d\ude42 \ud83d\ude42<\/p>\n<p>Te\u010f u\u017e se na V\u00e1s t\u011b\u0161\u00edme do \u0158etechova &#8211; sobota 3.3.2018 v 18:30 hod. Tak p\u0159ij\u010fte \ud83d\ude42<\/p>\n<p><a href=\"http:\/\/divadlometeora.cz\/wp-content\/uploads\/2018\/02\/plakat_retechov.jpg\"><img decoding=\"async\" loading=\"lazy\" class=\"alignnone wp-image-290 size-large\" src=\"http:\/\/divadlometeora.cz\/wp-content\/uploads\/2018\/02\/plakat_retechov-714x1024.jpg\" alt=\"\" width=\"604\" height=\"866\" srcset=\"http:\/\/divadlometeora.cz\/wp-content\/uploads\/2018\/02\/plakat_retechov-714x1024.jpg 714w, http:\/\/divadlometeora.cz\/wp-content\/uploads\/2018\/02\/plakat_retechov-209x300.jpg 209w, http:\/\/divadlometeora.cz\/wp-content\/uploads\/2018\/02\/plakat_retechov-768x1101.jpg 768w\" sizes=\"(max-width: 604px) 100vw, 604px\" \/><\/a><\/p>\n","protected":false},"excerpt":{"rendered":"<p>Op\u011bt d\u011bkujeme V\u0161em, kdo n\u00e1s p\u0159i\u0161li podpo\u0159it do Vala\u0161sk\u00e9ho Mezi\u0159\u00ed\u010d\u00ed. Byli jste \u00fa\u017easn\u00ed a to je to, pro\u010d to d\u011bl\u00e1me a pro\u010d n\u00e1s to tak bav\u00ed \ud83d\ude42 Jste to Vy [&hellip;]<\/p>\n","protected":false},"author":1,"featured_media":0,"comment_status":"open","ping_status":"open","sticky":false,"template":"","format":"standard","meta":{"footnotes":""},"categories":[3],"tags":[],"_links":{"self":[{"href":"http:\/\/divadlometeora.cz\/index.php?rest_route=\/wp\/v2\/posts\/289"}],"collection":[{"href":"http:\/\/divadlometeora.cz\/index.php?rest_route=\/wp\/v2\/posts"}],"about":[{"href":"http:\/\/divadlometeora.cz\/index.php?rest_route=\/wp\/v2\/types\/post"}],"author":[{"embeddable":true,"href":"http:\/\/divadlometeora.cz\/index.php?rest_route=\/wp\/v2\/users\/1"}],"replies":[{"embeddable":true,"href":"http:\/\/divadlometeora.cz\/index.php?rest_route=%2Fwp%2Fv2%2Fcomments&post=289"}],"version-history":[{"count":1,"href":"http:\/\/divadlometeora.cz\/index.php?rest_route=\/wp\/v2\/posts\/289\/revisions"}],"predecessor-version":[{"id":291,"href":"http:\/\/divadlometeora.cz\/index.php?rest_route=\/wp\/v2\/posts\/289\/revisions\/291"}],"wp:attachment":[{"href":"http:\/\/divadlometeora.cz\/index.php?rest_route=%2Fwp%2Fv2%2Fmedia&parent=289"}],"wp:term":[{"taxonomy":"category","embeddable":true,"href":"http:\/\/divadlometeora.cz\/index.php?rest_route=%2Fwp%2Fv2%2Fcategories&post=289"},{"taxonomy":"post_tag","embeddable":true,"href":"http:\/\/divadlometeora.cz\/index.php?rest_route=%2Fwp%2Fv2%2Ftags&post=289"}],"curies":[{"name":"wp","href":"https:\/\/api.w.org\/{rel}","templated":true}]}}