{"id":293,"date":"2018-03-08T18:09:29","date_gmt":"2018-03-08T16:09:29","guid":{"rendered":"http:\/\/divadlometeora.cz\/?p=293"},"modified":"2018-03-08T18:09:29","modified_gmt":"2018-03-08T16:09:29","slug":"pozdechov","status":"publish","type":"post","link":"http:\/\/divadlometeora.cz\/?p=293","title":{"rendered":"Pozd\u011bchov"},"content":{"rendered":"<p>Mil\u00ed na\u0161i divadeln\u00ed p\u0159\u00edznivci a p\u0159\u00e1tel\u00e9 \ud83d\ude42<\/p>\n<p>Pokra\u010dujeme ve \u0161n\u016f\u0159e s Tot\u00e1ln\u011b \u0161\u0165astn\u00fdma a dal\u0161\u00ed zast\u00e1vkou je Hospoda u Posp\u00edchal\u016f v Pozd\u011bchov\u011b \ud83d\ude42<\/p>\n<p>Moc se tam t\u011b\u0161\u00edme, p\u0159\u00edjemn\u00e1 atmosf\u00e9ra, vynikaj\u00edc\u00ed person\u00e1l a skv\u011bl\u00e1 \u0161\u00e9fov\u00e1 \ud83d\ude42<\/p>\n<p><a href=\"http:\/\/divadlometeora.cz\/wp-content\/uploads\/2018\/03\/plakat_pozdechov.jpg\"><img decoding=\"async\" loading=\"lazy\" class=\"alignnone wp-image-294 size-large\" src=\"http:\/\/divadlometeora.cz\/wp-content\/uploads\/2018\/03\/plakat_pozdechov-720x1024.jpg\" alt=\"\" width=\"604\" height=\"859\" srcset=\"http:\/\/divadlometeora.cz\/wp-content\/uploads\/2018\/03\/plakat_pozdechov-720x1024.jpg 720w, http:\/\/divadlometeora.cz\/wp-content\/uploads\/2018\/03\/plakat_pozdechov-211x300.jpg 211w, http:\/\/divadlometeora.cz\/wp-content\/uploads\/2018\/03\/plakat_pozdechov-768x1093.jpg 768w\" sizes=\"(max-width: 604px) 100vw, 604px\" \/><\/a><\/p>\n","protected":false},"excerpt":{"rendered":"<p>Mil\u00ed na\u0161i divadeln\u00ed p\u0159\u00edznivci a p\u0159\u00e1tel\u00e9 \ud83d\ude42 Pokra\u010dujeme ve \u0161n\u016f\u0159e s Tot\u00e1ln\u011b \u0161\u0165astn\u00fdma a dal\u0161\u00ed zast\u00e1vkou je Hospoda u Posp\u00edchal\u016f v Pozd\u011bchov\u011b \ud83d\ude42 Moc se tam t\u011b\u0161\u00edme, p\u0159\u00edjemn\u00e1 atmosf\u00e9ra, vynikaj\u00edc\u00ed [&hellip;]<\/p>\n","protected":false},"author":1,"featured_media":0,"comment_status":"open","ping_status":"open","sticky":false,"template":"","format":"standard","meta":{"footnotes":""},"categories":[3],"tags":[],"_links":{"self":[{"href":"http:\/\/divadlometeora.cz\/index.php?rest_route=\/wp\/v2\/posts\/293"}],"collection":[{"href":"http:\/\/divadlometeora.cz\/index.php?rest_route=\/wp\/v2\/posts"}],"about":[{"href":"http:\/\/divadlometeora.cz\/index.php?rest_route=\/wp\/v2\/types\/post"}],"author":[{"embeddable":true,"href":"http:\/\/divadlometeora.cz\/index.php?rest_route=\/wp\/v2\/users\/1"}],"replies":[{"embeddable":true,"href":"http:\/\/divadlometeora.cz\/index.php?rest_route=%2Fwp%2Fv2%2Fcomments&post=293"}],"version-history":[{"count":2,"href":"http:\/\/divadlometeora.cz\/index.php?rest_route=\/wp\/v2\/posts\/293\/revisions"}],"predecessor-version":[{"id":296,"href":"http:\/\/divadlometeora.cz\/index.php?rest_route=\/wp\/v2\/posts\/293\/revisions\/296"}],"wp:attachment":[{"href":"http:\/\/divadlometeora.cz\/index.php?rest_route=%2Fwp%2Fv2%2Fmedia&parent=293"}],"wp:term":[{"taxonomy":"category","embeddable":true,"href":"http:\/\/divadlometeora.cz\/index.php?rest_route=%2Fwp%2Fv2%2Fcategories&post=293"},{"taxonomy":"post_tag","embeddable":true,"href":"http:\/\/divadlometeora.cz\/index.php?rest_route=%2Fwp%2Fv2%2Ftags&post=293"}],"curies":[{"name":"wp","href":"https:\/\/api.w.org\/{rel}","templated":true}]}}