{"id":330,"date":"2018-03-20T20:58:13","date_gmt":"2018-03-20T18:58:13","guid":{"rendered":"http:\/\/divadlometeora.cz\/?p=330"},"modified":"2018-03-26T16:53:44","modified_gmt":"2018-03-26T14:53:44","slug":"premiera-mydlo","status":"publish","type":"post","link":"http:\/\/divadlometeora.cz\/?p=330","title":{"rendered":"PREMI\u00c9RA M\u00ddDLO!!!"},"content":{"rendered":"<p>A je to tady!<\/p>\n<p>T\u011b\u0161\u00edme se na V\u00e1s, p\u0159ij\u010fte v\u0161ichni a v\u010das, zaru\u010den\u011b se budete bavit \ud83d\ude42<\/p>\n<p>T\u0159i Opice Vset\u00edn, \u010dtvrtek a p\u00e1tek, m\u00e1te dva term\u00edny na v\u00fdb\u011br, 26.-27.4.2018 od 19:00 hod.<\/p>\n<p><strong>P\u0158EDPRODEJ ZAH\u00c1JEN v Turistick\u00e9m informa\u010dn\u00edm centru ve Vset\u00edn\u011b!!!<\/strong> \ud83d\ude42<\/p>\n<p>&nbsp;<\/p>\n<p>Tak nev\u00e1hejte a p\u0159ij\u010fte \ud83d\ude42 \ud83d\ude42 \ud83d\ude42<\/p>\n<p><a href=\"http:\/\/divadlometeora.cz\/wp-content\/uploads\/2018\/03\/plakat-mydlo-1.jpg\"><img decoding=\"async\" loading=\"lazy\" class=\"alignnone wp-image-333 size-large\" src=\"http:\/\/divadlometeora.cz\/wp-content\/uploads\/2018\/03\/plakat-mydlo-1-1024x712.jpg\" alt=\"\" width=\"604\" height=\"420\" srcset=\"http:\/\/divadlometeora.cz\/wp-content\/uploads\/2018\/03\/plakat-mydlo-1-1024x712.jpg 1024w, http:\/\/divadlometeora.cz\/wp-content\/uploads\/2018\/03\/plakat-mydlo-1-300x209.jpg 300w, http:\/\/divadlometeora.cz\/wp-content\/uploads\/2018\/03\/plakat-mydlo-1-768x534.jpg 768w\" sizes=\"(max-width: 604px) 100vw, 604px\" \/><\/a><\/p>\n","protected":false},"excerpt":{"rendered":"<p>A je to tady! T\u011b\u0161\u00edme se na V\u00e1s, p\u0159ij\u010fte v\u0161ichni a v\u010das, zaru\u010den\u011b se budete bavit \ud83d\ude42 T\u0159i Opice Vset\u00edn, \u010dtvrtek a p\u00e1tek, m\u00e1te dva term\u00edny na v\u00fdb\u011br, 26.-27.4.2018 od [&hellip;]<\/p>\n","protected":false},"author":1,"featured_media":0,"comment_status":"open","ping_status":"open","sticky":false,"template":"","format":"standard","meta":{"footnotes":""},"categories":[6],"tags":[],"_links":{"self":[{"href":"http:\/\/divadlometeora.cz\/index.php?rest_route=\/wp\/v2\/posts\/330"}],"collection":[{"href":"http:\/\/divadlometeora.cz\/index.php?rest_route=\/wp\/v2\/posts"}],"about":[{"href":"http:\/\/divadlometeora.cz\/index.php?rest_route=\/wp\/v2\/types\/post"}],"author":[{"embeddable":true,"href":"http:\/\/divadlometeora.cz\/index.php?rest_route=\/wp\/v2\/users\/1"}],"replies":[{"embeddable":true,"href":"http:\/\/divadlometeora.cz\/index.php?rest_route=%2Fwp%2Fv2%2Fcomments&post=330"}],"version-history":[{"count":4,"href":"http:\/\/divadlometeora.cz\/index.php?rest_route=\/wp\/v2\/posts\/330\/revisions"}],"predecessor-version":[{"id":338,"href":"http:\/\/divadlometeora.cz\/index.php?rest_route=\/wp\/v2\/posts\/330\/revisions\/338"}],"wp:attachment":[{"href":"http:\/\/divadlometeora.cz\/index.php?rest_route=%2Fwp%2Fv2%2Fmedia&parent=330"}],"wp:term":[{"taxonomy":"category","embeddable":true,"href":"http:\/\/divadlometeora.cz\/index.php?rest_route=%2Fwp%2Fv2%2Fcategories&post=330"},{"taxonomy":"post_tag","embeddable":true,"href":"http:\/\/divadlometeora.cz\/index.php?rest_route=%2Fwp%2Fv2%2Ftags&post=330"}],"curies":[{"name":"wp","href":"https:\/\/api.w.org\/{rel}","templated":true}]}}