{"id":619,"date":"2018-12-11T15:43:00","date_gmt":"2018-12-11T13:43:00","guid":{"rendered":"http:\/\/divadlometeora.cz\/?p=619"},"modified":"2018-12-11T15:43:00","modified_gmt":"2018-12-11T13:43:00","slug":"pf-a-krasne-vanoce","status":"publish","type":"post","link":"http:\/\/divadlometeora.cz\/?p=619","title":{"rendered":"PF a kr\u00e1sn\u00e9 V\u00e1noce :-)"},"content":{"rendered":"<p><a href=\"http:\/\/divadlometeora.cz\/wp-content\/uploads\/2018\/12\/PF2019-Divadlo-Meteora.jpg\"><img decoding=\"async\" loading=\"lazy\" class=\"alignnone wp-image-620 size-large\" src=\"http:\/\/divadlometeora.cz\/wp-content\/uploads\/2018\/12\/PF2019-Divadlo-Meteora-1010x1024.jpg\" alt=\"\" width=\"604\" height=\"612\" srcset=\"http:\/\/divadlometeora.cz\/wp-content\/uploads\/2018\/12\/PF2019-Divadlo-Meteora-1010x1024.jpg 1010w, http:\/\/divadlometeora.cz\/wp-content\/uploads\/2018\/12\/PF2019-Divadlo-Meteora-296x300.jpg 296w, http:\/\/divadlometeora.cz\/wp-content\/uploads\/2018\/12\/PF2019-Divadlo-Meteora-768x778.jpg 768w\" sizes=\"(max-width: 604px) 100vw, 604px\" \/><\/a><\/p>\n<p>&#8230;A nezapome\u0148te! Silvestr se bl\u00ed\u017e\u00ed a s n\u00edm ji\u017e tradi\u010dn\u00ed p\u0159edstaven\u00ed ve Vala\u0161sk\u00e9m N\u00e1rodn\u00edm divadle v Karolince. Tentokr\u00e1t s komedi\u00ed M\u00ddDLO \ud83d\ude42<\/p>\n<p>P\u0159ij\u010fte se pobavit a p\u0159ip\u00edt si s n\u00e1mi na za\u010d\u00e1tek n\u011b\u010deho nov\u00e9ho a kr\u00e1sn\u00e9ho v roce 2019 \ud83d\ude42<\/p>\n","protected":false},"excerpt":{"rendered":"<p>&#8230;A nezapome\u0148te! Silvestr se bl\u00ed\u017e\u00ed a s n\u00edm ji\u017e tradi\u010dn\u00ed p\u0159edstaven\u00ed ve Vala\u0161sk\u00e9m N\u00e1rodn\u00edm divadle v Karolince. Tentokr\u00e1t s komedi\u00ed M\u00ddDLO \ud83d\ude42 P\u0159ij\u010fte se pobavit a p\u0159ip\u00edt si s n\u00e1mi [&hellip;]<\/p>\n","protected":false},"author":1,"featured_media":0,"comment_status":"open","ping_status":"open","sticky":false,"template":"","format":"standard","meta":{"footnotes":""},"categories":[1],"tags":[],"_links":{"self":[{"href":"http:\/\/divadlometeora.cz\/index.php?rest_route=\/wp\/v2\/posts\/619"}],"collection":[{"href":"http:\/\/divadlometeora.cz\/index.php?rest_route=\/wp\/v2\/posts"}],"about":[{"href":"http:\/\/divadlometeora.cz\/index.php?rest_route=\/wp\/v2\/types\/post"}],"author":[{"embeddable":true,"href":"http:\/\/divadlometeora.cz\/index.php?rest_route=\/wp\/v2\/users\/1"}],"replies":[{"embeddable":true,"href":"http:\/\/divadlometeora.cz\/index.php?rest_route=%2Fwp%2Fv2%2Fcomments&post=619"}],"version-history":[{"count":1,"href":"http:\/\/divadlometeora.cz\/index.php?rest_route=\/wp\/v2\/posts\/619\/revisions"}],"predecessor-version":[{"id":621,"href":"http:\/\/divadlometeora.cz\/index.php?rest_route=\/wp\/v2\/posts\/619\/revisions\/621"}],"wp:attachment":[{"href":"http:\/\/divadlometeora.cz\/index.php?rest_route=%2Fwp%2Fv2%2Fmedia&parent=619"}],"wp:term":[{"taxonomy":"category","embeddable":true,"href":"http:\/\/divadlometeora.cz\/index.php?rest_route=%2Fwp%2Fv2%2Fcategories&post=619"},{"taxonomy":"post_tag","embeddable":true,"href":"http:\/\/divadlometeora.cz\/index.php?rest_route=%2Fwp%2Fv2%2Ftags&post=619"}],"curies":[{"name":"wp","href":"https:\/\/api.w.org\/{rel}","templated":true}]}}