{"id":636,"date":"2019-07-11T08:39:20","date_gmt":"2019-07-11T06:39:20","guid":{"rendered":"http:\/\/divadlometeora.cz\/?p=636"},"modified":"2019-07-11T08:39:20","modified_gmt":"2019-07-11T06:39:20","slug":"letni-snura-v-plnem-proudu","status":"publish","type":"post","link":"http:\/\/divadlometeora.cz\/?p=636","title":{"rendered":"Letn\u00ed \u0161n\u016fra v pln\u00e9m proudu :-)"},"content":{"rendered":"<p>Jste skv\u011bl\u00ed! \ud83d\ude42 Na Hov\u011bz\u00ed &#8222;U Jan\u010d\u00edk\u016f&#8220; jste vytvo\u0159ili neuv\u011b\u0159itelnou atmosf\u00e9ru a n\u00e1m se d\u00edky V\u00e1m skv\u011ble hr\u00e1lo \ud83d\ude42 Moc n\u00e1s t\u011b\u0161\u00ed Va\u0161e p\u0159\u00edze\u0148 a u\u017e te\u010f V\u00e1s zveme na dal\u0161\u00ed OPEN AIR. Dva dny po sob\u011b, p\u00e1tek a sobota, se na n\u00e1s m\u016f\u017eete t\u011b\u0161it! V Ratibo\u0159i v p\u00e1tek 26.7. a v \u00dast\u00ed u Vset\u00edna 27.7. v sobotu. P\u0159ij\u010fte se zasm\u00e1t a vypnout ze v\u0161edn\u00edch starost\u00ed \ud83d\ude42<\/p>\n<p><a href=\"http:\/\/divadlometeora.cz\/wp-content\/uploads\/2019\/07\/Ratibo\u0159.jpg\"><img decoding=\"async\" loading=\"lazy\" class=\"wp-image-638 alignleft\" src=\"http:\/\/divadlometeora.cz\/wp-content\/uploads\/2019\/07\/Ratibo\u0159-212x300.jpg\" alt=\"\" width=\"285\" height=\"403\" srcset=\"http:\/\/divadlometeora.cz\/wp-content\/uploads\/2019\/07\/Ratibo\u0159-212x300.jpg 212w, http:\/\/divadlometeora.cz\/wp-content\/uploads\/2019\/07\/Ratibo\u0159-768x1086.jpg 768w, http:\/\/divadlometeora.cz\/wp-content\/uploads\/2019\/07\/Ratibo\u0159-724x1024.jpg 724w, http:\/\/divadlometeora.cz\/wp-content\/uploads\/2019\/07\/Ratibo\u0159.jpg 1425w\" sizes=\"(max-width: 285px) 100vw, 285px\" \/><\/a> <a href=\"http:\/\/divadlometeora.cz\/wp-content\/uploads\/2019\/07\/66044689_1519718714830729_5066118108377251840_o.jpg\"><img decoding=\"async\" loading=\"lazy\" class=\"wp-image-637 aligncenter\" src=\"http:\/\/divadlometeora.cz\/wp-content\/uploads\/2019\/07\/66044689_1519718714830729_5066118108377251840_o-212x300.jpg\" alt=\"\" width=\"285\" height=\"403\" srcset=\"http:\/\/divadlometeora.cz\/wp-content\/uploads\/2019\/07\/66044689_1519718714830729_5066118108377251840_o-212x300.jpg 212w, http:\/\/divadlometeora.cz\/wp-content\/uploads\/2019\/07\/66044689_1519718714830729_5066118108377251840_o-768x1086.jpg 768w, http:\/\/divadlometeora.cz\/wp-content\/uploads\/2019\/07\/66044689_1519718714830729_5066118108377251840_o-724x1024.jpg 724w, http:\/\/divadlometeora.cz\/wp-content\/uploads\/2019\/07\/66044689_1519718714830729_5066118108377251840_o.jpg 1425w\" sizes=\"(max-width: 285px) 100vw, 285px\" \/><\/a><\/p>\n","protected":false},"excerpt":{"rendered":"<p>Jste skv\u011bl\u00ed! \ud83d\ude42 Na Hov\u011bz\u00ed &#8222;U Jan\u010d\u00edk\u016f&#8220; jste vytvo\u0159ili neuv\u011b\u0159itelnou atmosf\u00e9ru a n\u00e1m se d\u00edky V\u00e1m skv\u011ble hr\u00e1lo \ud83d\ude42 Moc n\u00e1s t\u011b\u0161\u00ed Va\u0161e p\u0159\u00edze\u0148 a u\u017e te\u010f V\u00e1s zveme na [&hellip;]<\/p>\n","protected":false},"author":1,"featured_media":0,"comment_status":"open","ping_status":"open","sticky":false,"template":"","format":"standard","meta":{"footnotes":""},"categories":[7],"tags":[],"_links":{"self":[{"href":"http:\/\/divadlometeora.cz\/index.php?rest_route=\/wp\/v2\/posts\/636"}],"collection":[{"href":"http:\/\/divadlometeora.cz\/index.php?rest_route=\/wp\/v2\/posts"}],"about":[{"href":"http:\/\/divadlometeora.cz\/index.php?rest_route=\/wp\/v2\/types\/post"}],"author":[{"embeddable":true,"href":"http:\/\/divadlometeora.cz\/index.php?rest_route=\/wp\/v2\/users\/1"}],"replies":[{"embeddable":true,"href":"http:\/\/divadlometeora.cz\/index.php?rest_route=%2Fwp%2Fv2%2Fcomments&post=636"}],"version-history":[{"count":4,"href":"http:\/\/divadlometeora.cz\/index.php?rest_route=\/wp\/v2\/posts\/636\/revisions"}],"predecessor-version":[{"id":642,"href":"http:\/\/divadlometeora.cz\/index.php?rest_route=\/wp\/v2\/posts\/636\/revisions\/642"}],"wp:attachment":[{"href":"http:\/\/divadlometeora.cz\/index.php?rest_route=%2Fwp%2Fv2%2Fmedia&parent=636"}],"wp:term":[{"taxonomy":"category","embeddable":true,"href":"http:\/\/divadlometeora.cz\/index.php?rest_route=%2Fwp%2Fv2%2Fcategories&post=636"},{"taxonomy":"post_tag","embeddable":true,"href":"http:\/\/divadlometeora.cz\/index.php?rest_route=%2Fwp%2Fv2%2Ftags&post=636"}],"curies":[{"name":"wp","href":"https:\/\/api.w.org\/{rel}","templated":true}]}}