{"id":666,"date":"2019-07-22T09:15:27","date_gmt":"2019-07-22T07:15:27","guid":{"rendered":"http:\/\/divadlometeora.cz\/?p=666"},"modified":"2019-07-22T09:15:27","modified_gmt":"2019-07-22T07:15:27","slug":"a-pokracujeme-open-air-po-valassku","status":"publish","type":"post","link":"http:\/\/divadlometeora.cz\/?p=666","title":{"rendered":"A pokra\u010dujeme! OPEN AIR po Vala\u0161sku :-)"},"content":{"rendered":"<p>L\u00e9to je sice v p\u016flce, ale my jedeme d\u00e1l \ud83d\ude42 M\u016f\u017eete se na n\u00e1s t\u011b\u0161it 2.8.2019 ve 20:30 hod. na Halenkov\u011b v &#8222;Parku za hasi\u010d\u00e1rnou&#8220; \ud83d\ude42<\/p>\n<p><a href=\"http:\/\/divadlometeora.cz\/wp-content\/uploads\/2019\/07\/5_Halenkov_2.8.2019.jpg\"><img decoding=\"async\" loading=\"lazy\" class=\"alignnone wp-image-667 size-large\" src=\"http:\/\/divadlometeora.cz\/wp-content\/uploads\/2019\/07\/5_Halenkov_2.8.2019-724x1024.jpg\" alt=\"\" width=\"604\" height=\"854\" srcset=\"http:\/\/divadlometeora.cz\/wp-content\/uploads\/2019\/07\/5_Halenkov_2.8.2019-724x1024.jpg 724w, http:\/\/divadlometeora.cz\/wp-content\/uploads\/2019\/07\/5_Halenkov_2.8.2019-212x300.jpg 212w, http:\/\/divadlometeora.cz\/wp-content\/uploads\/2019\/07\/5_Halenkov_2.8.2019-768x1086.jpg 768w, http:\/\/divadlometeora.cz\/wp-content\/uploads\/2019\/07\/5_Halenkov_2.8.2019.jpg 1425w\" sizes=\"(max-width: 604px) 100vw, 604px\" \/><\/a><\/p>\n","protected":false},"excerpt":{"rendered":"<p>L\u00e9to je sice v p\u016flce, ale my jedeme d\u00e1l \ud83d\ude42 M\u016f\u017eete se na n\u00e1s t\u011b\u0161it 2.8.2019 ve 20:30 hod. na Halenkov\u011b v &#8222;Parku za hasi\u010d\u00e1rnou&#8220; \ud83d\ude42<\/p>\n","protected":false},"author":1,"featured_media":0,"comment_status":"open","ping_status":"open","sticky":false,"template":"","format":"standard","meta":{"footnotes":""},"categories":[7],"tags":[],"_links":{"self":[{"href":"http:\/\/divadlometeora.cz\/index.php?rest_route=\/wp\/v2\/posts\/666"}],"collection":[{"href":"http:\/\/divadlometeora.cz\/index.php?rest_route=\/wp\/v2\/posts"}],"about":[{"href":"http:\/\/divadlometeora.cz\/index.php?rest_route=\/wp\/v2\/types\/post"}],"author":[{"embeddable":true,"href":"http:\/\/divadlometeora.cz\/index.php?rest_route=\/wp\/v2\/users\/1"}],"replies":[{"embeddable":true,"href":"http:\/\/divadlometeora.cz\/index.php?rest_route=%2Fwp%2Fv2%2Fcomments&post=666"}],"version-history":[{"count":1,"href":"http:\/\/divadlometeora.cz\/index.php?rest_route=\/wp\/v2\/posts\/666\/revisions"}],"predecessor-version":[{"id":668,"href":"http:\/\/divadlometeora.cz\/index.php?rest_route=\/wp\/v2\/posts\/666\/revisions\/668"}],"wp:attachment":[{"href":"http:\/\/divadlometeora.cz\/index.php?rest_route=%2Fwp%2Fv2%2Fmedia&parent=666"}],"wp:term":[{"taxonomy":"category","embeddable":true,"href":"http:\/\/divadlometeora.cz\/index.php?rest_route=%2Fwp%2Fv2%2Fcategories&post=666"},{"taxonomy":"post_tag","embeddable":true,"href":"http:\/\/divadlometeora.cz\/index.php?rest_route=%2Fwp%2Fv2%2Ftags&post=666"}],"curies":[{"name":"wp","href":"https:\/\/api.w.org\/{rel}","templated":true}]}}