{"id":672,"date":"2019-08-18T17:24:00","date_gmt":"2019-08-18T15:24:00","guid":{"rendered":"http:\/\/divadlometeora.cz\/?p=672"},"modified":"2019-08-18T17:24:00","modified_gmt":"2019-08-18T15:24:00","slug":"open-air-jeste-nekonci","status":"publish","type":"post","link":"http:\/\/divadlometeora.cz\/?p=672","title":{"rendered":"OPEN AIR je\u0161t\u011b nekon\u010d\u00ed :-)"},"content":{"rendered":"<p>L\u00e9to se n\u00e1m pomalu ch\u00fdl\u00ed ke konci, m\u00e1me za sebou taky n\u00e1dhern\u00fd t\u00fdden na divadeln\u00ed lodi PIEROT, kter\u00fd se moc vyda\u0159il a ka\u017ed\u00e9 p\u0159edstaven\u00ed m\u011blo sv\u00e9 kouzlo a \u00fa\u017easno<span class=\"text_exposed_show\">u atmosf\u00e9ru hlavn\u011b d\u00edky V\u00e1m &#8211; div\u00e1k\u016fm <span class=\"_47e3 _5mfr\" title=\"Emotikona smile\"><img decoding=\"async\" loading=\"lazy\" class=\"img\" src=\"https:\/\/static.xx.fbcdn.net\/images\/emoji.php\/v9\/ta5\/1.5\/16\/1f642.png?_nc_eui2=AeH4CvurjJa2h5itmTXiHZL1BniUHZwLLDiNL2vSQJGBMzKqvzKJI5toKyG9Z6WlSXR6Xu6vfRvBoQJLrwkWzsdU94DDw6oFwAOdVH0kbTew0w\" alt=\"\" width=\"16\" height=\"16\" \/> <\/span><br \/>\nMy ale zdaleka nekon\u010d\u00edme! U\u017e ve st\u0159edu sm\u011b\u0159ujeme na ji\u017en\u00ed Moravu a budeme pokra\u010dovat a\u017e do soboty!<br \/>\nst\u0159eda 21.8., p\u0159\u00edstav PETROV<br \/>\n\u010dtvrtek 22.8., p\u0159\u00edstavi\u0161t\u011b Uhersk\u00e9 hradi\u0161t\u011b<br \/>\np\u00e1tek 23.8. Napajedla &#8211; Pahrbek<br \/>\nsobota 24.8. p\u0159\u00edstav Hodon\u00edn<br \/>\nZa\u010d\u00edn\u00e1me v\u017edy ve 20:00 hod. <span class=\"_47e3 _5mfr\" title=\"Emotikona smile\"><img decoding=\"async\" loading=\"lazy\" class=\"img\" src=\"https:\/\/static.xx.fbcdn.net\/images\/emoji.php\/v9\/ta5\/1.5\/16\/1f642.png?_nc_eui2=AeH4CvurjJa2h5itmTXiHZL1BniUHZwLLDiNL2vSQJGBMzKqvzKJI5toKyG9Z6WlSXR6Xu6vfRvBoQJLrwkWzsdU94DDw6oFwAOdVH0kbTew0w\" alt=\"\" width=\"16\" height=\"16\" \/><\/span><span class=\"_47e3 _5mfr\" title=\"Emotikona smile\"><img decoding=\"async\" loading=\"lazy\" class=\"img\" src=\"https:\/\/static.xx.fbcdn.net\/images\/emoji.php\/v9\/ta5\/1.5\/16\/1f642.png?_nc_eui2=AeH4CvurjJa2h5itmTXiHZL1BniUHZwLLDiNL2vSQJGBMzKqvzKJI5toKyG9Z6WlSXR6Xu6vfRvBoQJLrwkWzsdU94DDw6oFwAOdVH0kbTew0w\" alt=\"\" width=\"16\" height=\"16\" \/><\/span><span class=\"_47e3 _5mfr\" title=\"Emotikona smile\"><img decoding=\"async\" loading=\"lazy\" class=\"img\" src=\"https:\/\/static.xx.fbcdn.net\/images\/emoji.php\/v9\/ta5\/1.5\/16\/1f642.png?_nc_eui2=AeH4CvurjJa2h5itmTXiHZL1BniUHZwLLDiNL2vSQJGBMzKqvzKJI5toKyG9Z6WlSXR6Xu6vfRvBoQJLrwkWzsdU94DDw6oFwAOdVH0kbTew0w\" alt=\"\" width=\"16\" height=\"16\" \/><\/span><br \/>\nMOC SE NA V\u00c1S V\u0160ECHNY T\u011a\u0160\u00cdME <span class=\"_47e3 _5mfr\" title=\"Emotikona smile\"><img decoding=\"async\" loading=\"lazy\" class=\"img\" src=\"https:\/\/static.xx.fbcdn.net\/images\/emoji.php\/v9\/ta5\/1.5\/16\/1f642.png?_nc_eui2=AeH4CvurjJa2h5itmTXiHZL1BniUHZwLLDiNL2vSQJGBMzKqvzKJI5toKyG9Z6WlSXR6Xu6vfRvBoQJLrwkWzsdU94DDw6oFwAOdVH0kbTew0w\" alt=\"\" width=\"16\" height=\"16\" \/><\/span><\/span><\/p>\n<p><a href=\"http:\/\/divadlometeora.cz\/wp-content\/uploads\/2019\/08\/plak\u00e1t_divadlo-na-vod\u011b_Petrov.jpg\"><img decoding=\"async\" loading=\"lazy\" class=\"alignnone wp-image-673 size-large\" src=\"http:\/\/divadlometeora.cz\/wp-content\/uploads\/2019\/08\/plak\u00e1t_divadlo-na-vod\u011b_Petrov-724x1024.jpg\" alt=\"\" width=\"604\" height=\"854\" srcset=\"http:\/\/divadlometeora.cz\/wp-content\/uploads\/2019\/08\/plak\u00e1t_divadlo-na-vod\u011b_Petrov-724x1024.jpg 724w, http:\/\/divadlometeora.cz\/wp-content\/uploads\/2019\/08\/plak\u00e1t_divadlo-na-vod\u011b_Petrov-212x300.jpg 212w, http:\/\/divadlometeora.cz\/wp-content\/uploads\/2019\/08\/plak\u00e1t_divadlo-na-vod\u011b_Petrov-768x1086.jpg 768w\" sizes=\"(max-width: 604px) 100vw, 604px\" \/><\/a> <a href=\"http:\/\/divadlometeora.cz\/wp-content\/uploads\/2019\/08\/Uhersk\u00e9-Hradi\u0161t\u011b.jpg\"><img decoding=\"async\" loading=\"lazy\" class=\"alignnone wp-image-674 size-full\" src=\"http:\/\/divadlometeora.cz\/wp-content\/uploads\/2019\/08\/Uhersk\u00e9-Hradi\u0161t\u011b.jpg\" alt=\"\" width=\"720\" height=\"1017\" srcset=\"http:\/\/divadlometeora.cz\/wp-content\/uploads\/2019\/08\/Uhersk\u00e9-Hradi\u0161t\u011b.jpg 720w, http:\/\/divadlometeora.cz\/wp-content\/uploads\/2019\/08\/Uhersk\u00e9-Hradi\u0161t\u011b-212x300.jpg 212w\" sizes=\"(max-width: 720px) 100vw, 720px\" \/><\/a> <a href=\"http:\/\/divadlometeora.cz\/wp-content\/uploads\/2019\/08\/10_Pahrbek-23.8.2019.jpg\"><img decoding=\"async\" loading=\"lazy\" class=\"alignnone wp-image-675 size-large\" src=\"http:\/\/divadlometeora.cz\/wp-content\/uploads\/2019\/08\/10_Pahrbek-23.8.2019-724x1024.jpg\" alt=\"\" width=\"604\" height=\"854\" srcset=\"http:\/\/divadlometeora.cz\/wp-content\/uploads\/2019\/08\/10_Pahrbek-23.8.2019-724x1024.jpg 724w, http:\/\/divadlometeora.cz\/wp-content\/uploads\/2019\/08\/10_Pahrbek-23.8.2019-212x300.jpg 212w, http:\/\/divadlometeora.cz\/wp-content\/uploads\/2019\/08\/10_Pahrbek-23.8.2019-768x1086.jpg 768w, http:\/\/divadlometeora.cz\/wp-content\/uploads\/2019\/08\/10_Pahrbek-23.8.2019.jpg 1425w\" sizes=\"(max-width: 604px) 100vw, 604px\" \/><\/a> <a href=\"http:\/\/divadlometeora.cz\/wp-content\/uploads\/2019\/08\/plak\u00e1t_divadlo-na-vod\u011b_Hodon\u00edn.jpg\"><img decoding=\"async\" loading=\"lazy\" class=\"alignnone wp-image-676 size-large\" src=\"http:\/\/divadlometeora.cz\/wp-content\/uploads\/2019\/08\/plak\u00e1t_divadlo-na-vod\u011b_Hodon\u00edn-724x1024.jpg\" alt=\"\" width=\"604\" height=\"854\" srcset=\"http:\/\/divadlometeora.cz\/wp-content\/uploads\/2019\/08\/plak\u00e1t_divadlo-na-vod\u011b_Hodon\u00edn-724x1024.jpg 724w, http:\/\/divadlometeora.cz\/wp-content\/uploads\/2019\/08\/plak\u00e1t_divadlo-na-vod\u011b_Hodon\u00edn-212x300.jpg 212w, http:\/\/divadlometeora.cz\/wp-content\/uploads\/2019\/08\/plak\u00e1t_divadlo-na-vod\u011b_Hodon\u00edn-768x1086.jpg 768w, http:\/\/divadlometeora.cz\/wp-content\/uploads\/2019\/08\/plak\u00e1t_divadlo-na-vod\u011b_Hodon\u00edn.jpg 1754w\" sizes=\"(max-width: 604px) 100vw, 604px\" \/><\/a><\/p>\n","protected":false},"excerpt":{"rendered":"<p>L\u00e9to se n\u00e1m pomalu ch\u00fdl\u00ed ke konci, m\u00e1me za sebou taky n\u00e1dhern\u00fd t\u00fdden na divadeln\u00ed lodi PIEROT, kter\u00fd se moc vyda\u0159il a ka\u017ed\u00e9 p\u0159edstaven\u00ed m\u011blo sv\u00e9 kouzlo a \u00fa\u017easnou atmosf\u00e9ru [&hellip;]<\/p>\n","protected":false},"author":1,"featured_media":0,"comment_status":"open","ping_status":"open","sticky":false,"template":"","format":"standard","meta":{"footnotes":""},"categories":[7],"tags":[],"_links":{"self":[{"href":"http:\/\/divadlometeora.cz\/index.php?rest_route=\/wp\/v2\/posts\/672"}],"collection":[{"href":"http:\/\/divadlometeora.cz\/index.php?rest_route=\/wp\/v2\/posts"}],"about":[{"href":"http:\/\/divadlometeora.cz\/index.php?rest_route=\/wp\/v2\/types\/post"}],"author":[{"embeddable":true,"href":"http:\/\/divadlometeora.cz\/index.php?rest_route=\/wp\/v2\/users\/1"}],"replies":[{"embeddable":true,"href":"http:\/\/divadlometeora.cz\/index.php?rest_route=%2Fwp%2Fv2%2Fcomments&post=672"}],"version-history":[{"count":1,"href":"http:\/\/divadlometeora.cz\/index.php?rest_route=\/wp\/v2\/posts\/672\/revisions"}],"predecessor-version":[{"id":677,"href":"http:\/\/divadlometeora.cz\/index.php?rest_route=\/wp\/v2\/posts\/672\/revisions\/677"}],"wp:attachment":[{"href":"http:\/\/divadlometeora.cz\/index.php?rest_route=%2Fwp%2Fv2%2Fmedia&parent=672"}],"wp:term":[{"taxonomy":"category","embeddable":true,"href":"http:\/\/divadlometeora.cz\/index.php?rest_route=%2Fwp%2Fv2%2Fcategories&post=672"},{"taxonomy":"post_tag","embeddable":true,"href":"http:\/\/divadlometeora.cz\/index.php?rest_route=%2Fwp%2Fv2%2Ftags&post=672"}],"curies":[{"name":"wp","href":"https:\/\/api.w.org\/{rel}","templated":true}]}}