{"id":702,"date":"2019-08-19T12:02:49","date_gmt":"2019-08-19T10:02:49","guid":{"rendered":"http:\/\/divadlometeora.cz\/?p=702"},"modified":"2019-08-19T12:02:49","modified_gmt":"2019-08-19T10:02:49","slug":"hrajeme-nelenime-tesime-se-na-vas","status":"publish","type":"post","link":"http:\/\/divadlometeora.cz\/?p=702","title":{"rendered":"Hrajeme, nelen\u00edme, t\u011b\u0161\u00edme se na V\u00e1s :-)"},"content":{"rendered":"<p><a href=\"http:\/\/divadlometeora.cz\/wp-content\/uploads\/2019\/08\/srpen.jpg\"><img decoding=\"async\" loading=\"lazy\" class=\"alignnone wp-image-703 size-large\" src=\"http:\/\/divadlometeora.cz\/wp-content\/uploads\/2019\/08\/srpen-1024x722.jpg\" alt=\"\" width=\"604\" height=\"426\" srcset=\"http:\/\/divadlometeora.cz\/wp-content\/uploads\/2019\/08\/srpen-1024x722.jpg 1024w, http:\/\/divadlometeora.cz\/wp-content\/uploads\/2019\/08\/srpen-300x212.jpg 300w, http:\/\/divadlometeora.cz\/wp-content\/uploads\/2019\/08\/srpen-768x542.jpg 768w, http:\/\/divadlometeora.cz\/wp-content\/uploads\/2019\/08\/srpen.jpg 1334w\" sizes=\"(max-width: 604px) 100vw, 604px\" \/><\/a><\/p>\n","protected":false},"excerpt":{"rendered":"","protected":false},"author":1,"featured_media":0,"comment_status":"open","ping_status":"open","sticky":false,"template":"","format":"standard","meta":{"footnotes":""},"categories":[7],"tags":[],"_links":{"self":[{"href":"http:\/\/divadlometeora.cz\/index.php?rest_route=\/wp\/v2\/posts\/702"}],"collection":[{"href":"http:\/\/divadlometeora.cz\/index.php?rest_route=\/wp\/v2\/posts"}],"about":[{"href":"http:\/\/divadlometeora.cz\/index.php?rest_route=\/wp\/v2\/types\/post"}],"author":[{"embeddable":true,"href":"http:\/\/divadlometeora.cz\/index.php?rest_route=\/wp\/v2\/users\/1"}],"replies":[{"embeddable":true,"href":"http:\/\/divadlometeora.cz\/index.php?rest_route=%2Fwp%2Fv2%2Fcomments&post=702"}],"version-history":[{"count":1,"href":"http:\/\/divadlometeora.cz\/index.php?rest_route=\/wp\/v2\/posts\/702\/revisions"}],"predecessor-version":[{"id":704,"href":"http:\/\/divadlometeora.cz\/index.php?rest_route=\/wp\/v2\/posts\/702\/revisions\/704"}],"wp:attachment":[{"href":"http:\/\/divadlometeora.cz\/index.php?rest_route=%2Fwp%2Fv2%2Fmedia&parent=702"}],"wp:term":[{"taxonomy":"category","embeddable":true,"href":"http:\/\/divadlometeora.cz\/index.php?rest_route=%2Fwp%2Fv2%2Fcategories&post=702"},{"taxonomy":"post_tag","embeddable":true,"href":"http:\/\/divadlometeora.cz\/index.php?rest_route=%2Fwp%2Fv2%2Ftags&post=702"}],"curies":[{"name":"wp","href":"https:\/\/api.w.org\/{rel}","templated":true}]}}