{"id":705,"date":"2019-10-17T14:12:55","date_gmt":"2019-10-17T12:12:55","guid":{"rendered":"http:\/\/divadlometeora.cz\/?p=705"},"modified":"2019-10-17T14:12:55","modified_gmt":"2019-10-17T12:12:55","slug":"nelenime-podzim-s-panenkou-je-tady","status":"publish","type":"post","link":"http:\/\/divadlometeora.cz\/?p=705","title":{"rendered":"Nelen\u00edme, podzim s Panenkou je tady :-)"},"content":{"rendered":"<p>Je tady sez\u00f3na s\u00e1l\u016f, hosp\u016fdek a klub\u00edk\u016f \ud83d\ude42<\/p>\n<p>26. 10. 2019 se na n\u00e1s m\u016f\u017eete t\u011b\u0161it v kr\u00e1sn\u00e9 100 let star\u00e9 hosp\u016fdce v \u0158etechov\u011b \ud83d\ude42<\/p>\n<p><a href=\"http:\/\/divadlometeora.cz\/wp-content\/uploads\/2019\/10\/\u0158ETECHOV.jpg\"><img decoding=\"async\" loading=\"lazy\" class=\"alignnone wp-image-706 size-large\" src=\"http:\/\/divadlometeora.cz\/wp-content\/uploads\/2019\/10\/\u0158ETECHOV-724x1024.jpg\" alt=\"\" width=\"604\" height=\"854\" srcset=\"http:\/\/divadlometeora.cz\/wp-content\/uploads\/2019\/10\/\u0158ETECHOV-724x1024.jpg 724w, http:\/\/divadlometeora.cz\/wp-content\/uploads\/2019\/10\/\u0158ETECHOV-212x300.jpg 212w, http:\/\/divadlometeora.cz\/wp-content\/uploads\/2019\/10\/\u0158ETECHOV-768x1086.jpg 768w, http:\/\/divadlometeora.cz\/wp-content\/uploads\/2019\/10\/\u0158ETECHOV.jpg 1425w\" sizes=\"(max-width: 604px) 100vw, 604px\" \/><\/a><\/p>\n<p>27. 10. 2019 v ned\u011bli p\u0159ed st\u00e1tn\u00edm sv\u00e1tkem se na n\u00e1s m\u016f\u017eete t\u011b\u0161it v restauraci NA NOV\u00c9 na Byst\u0159i\u010dce \ud83d\ude42<\/p>\n<p><a href=\"http:\/\/divadlometeora.cz\/wp-content\/uploads\/2019\/10\/Byst\u0159i\u010dka.jpg\"><img decoding=\"async\" loading=\"lazy\" class=\"alignnone wp-image-708 size-full\" src=\"http:\/\/divadlometeora.cz\/wp-content\/uploads\/2019\/10\/Byst\u0159i\u010dka.jpg\" alt=\"\" width=\"678\" height=\"960\" srcset=\"http:\/\/divadlometeora.cz\/wp-content\/uploads\/2019\/10\/Byst\u0159i\u010dka.jpg 678w, http:\/\/divadlometeora.cz\/wp-content\/uploads\/2019\/10\/Byst\u0159i\u010dka-212x300.jpg 212w\" sizes=\"(max-width: 678px) 100vw, 678px\" \/><\/a><\/p>\n<p>A taky se moc r\u00e1di vrac\u00edme i do Pozd\u011bchova do hospody U Posp\u00edchal\u016f \ud83d\ude42 9. 11. 2019 Nezapome\u0148te, zde m\u00edsta na rezervaci p\u0159\u00edmo v hospod\u011b \ud83d\ude42<\/p>\n<p><a href=\"http:\/\/divadlometeora.cz\/wp-content\/uploads\/2019\/10\/Pozd\u011bchov.jpg\"><img decoding=\"async\" loading=\"lazy\" class=\"alignnone wp-image-707 size-large\" src=\"http:\/\/divadlometeora.cz\/wp-content\/uploads\/2019\/10\/Pozd\u011bchov-724x1024.jpg\" alt=\"\" width=\"604\" height=\"854\" srcset=\"http:\/\/divadlometeora.cz\/wp-content\/uploads\/2019\/10\/Pozd\u011bchov-724x1024.jpg 724w, http:\/\/divadlometeora.cz\/wp-content\/uploads\/2019\/10\/Pozd\u011bchov-212x300.jpg 212w, http:\/\/divadlometeora.cz\/wp-content\/uploads\/2019\/10\/Pozd\u011bchov-768x1086.jpg 768w, http:\/\/divadlometeora.cz\/wp-content\/uploads\/2019\/10\/Pozd\u011bchov.jpg 1425w\" sizes=\"(max-width: 604px) 100vw, 604px\" \/><\/a><\/p>\n","protected":false},"excerpt":{"rendered":"<p>Je tady sez\u00f3na s\u00e1l\u016f, hosp\u016fdek a klub\u00edk\u016f \ud83d\ude42 26. 10. 2019 se na n\u00e1s m\u016f\u017eete t\u011b\u0161it v kr\u00e1sn\u00e9 100 let star\u00e9 hosp\u016fdce v \u0158etechov\u011b \ud83d\ude42 27. 10. 2019 v ned\u011bli [&hellip;]<\/p>\n","protected":false},"author":1,"featured_media":0,"comment_status":"open","ping_status":"open","sticky":false,"template":"","format":"standard","meta":{"footnotes":""},"categories":[7],"tags":[],"_links":{"self":[{"href":"http:\/\/divadlometeora.cz\/index.php?rest_route=\/wp\/v2\/posts\/705"}],"collection":[{"href":"http:\/\/divadlometeora.cz\/index.php?rest_route=\/wp\/v2\/posts"}],"about":[{"href":"http:\/\/divadlometeora.cz\/index.php?rest_route=\/wp\/v2\/types\/post"}],"author":[{"embeddable":true,"href":"http:\/\/divadlometeora.cz\/index.php?rest_route=\/wp\/v2\/users\/1"}],"replies":[{"embeddable":true,"href":"http:\/\/divadlometeora.cz\/index.php?rest_route=%2Fwp%2Fv2%2Fcomments&post=705"}],"version-history":[{"count":1,"href":"http:\/\/divadlometeora.cz\/index.php?rest_route=\/wp\/v2\/posts\/705\/revisions"}],"predecessor-version":[{"id":709,"href":"http:\/\/divadlometeora.cz\/index.php?rest_route=\/wp\/v2\/posts\/705\/revisions\/709"}],"wp:attachment":[{"href":"http:\/\/divadlometeora.cz\/index.php?rest_route=%2Fwp%2Fv2%2Fmedia&parent=705"}],"wp:term":[{"taxonomy":"category","embeddable":true,"href":"http:\/\/divadlometeora.cz\/index.php?rest_route=%2Fwp%2Fv2%2Fcategories&post=705"},{"taxonomy":"post_tag","embeddable":true,"href":"http:\/\/divadlometeora.cz\/index.php?rest_route=%2Fwp%2Fv2%2Ftags&post=705"}],"curies":[{"name":"wp","href":"https:\/\/api.w.org\/{rel}","templated":true}]}}