{"id":714,"date":"2019-11-27T08:25:38","date_gmt":"2019-11-27T06:25:38","guid":{"rendered":"http:\/\/divadlometeora.cz\/?p=714"},"modified":"2019-11-27T08:25:38","modified_gmt":"2019-11-27T06:25:38","slug":"silvestr-v-karolince","status":"publish","type":"post","link":"http:\/\/divadlometeora.cz\/?p=714","title":{"rendered":"Silvestr v Karolince"},"content":{"rendered":"<p>Mil\u00ed divadeln\u00ed p\u0159\u00edznivci a p\u0159\u00e1tel\u00e9, jako ka\u017ed\u00fd rok i letos tradi\u010dn\u011b zahrajeme na Silvestra ve Vala\u0161sk\u00e9m N\u00e1rodn\u00edm divadle v Karolince. Startujeme jako v\u017edy v 15:00 hod., vstupenky si ji\u017e te\u010f m\u016f\u017eete rezervovat na mob: 604 729 914 nebo na mailu: divadlo.karolinka@centrum.cz. Moc se na V\u00e1s t\u011b\u0161\u00edme <span class=\"_5mfr\"><span class=\"_6qdm\">&#x1f642;<\/span><\/span><\/p>\n<p><a href=\"http:\/\/divadlometeora.cz\/wp-content\/uploads\/2019\/11\/78240670_1647311962071403_5102187991053369344_n.jpg\"><img decoding=\"async\" loading=\"lazy\" class=\"alignnone wp-image-716 size-full\" src=\"http:\/\/divadlometeora.cz\/wp-content\/uploads\/2019\/11\/78240670_1647311962071403_5102187991053369344_n.jpg\" alt=\"\" width=\"678\" height=\"960\" srcset=\"http:\/\/divadlometeora.cz\/wp-content\/uploads\/2019\/11\/78240670_1647311962071403_5102187991053369344_n.jpg 678w, http:\/\/divadlometeora.cz\/wp-content\/uploads\/2019\/11\/78240670_1647311962071403_5102187991053369344_n-212x300.jpg 212w\" sizes=\"(max-width: 678px) 100vw, 678px\" \/><\/a><\/p>\n","protected":false},"excerpt":{"rendered":"<p>Mil\u00ed divadeln\u00ed p\u0159\u00edznivci a p\u0159\u00e1tel\u00e9, jako ka\u017ed\u00fd rok i letos tradi\u010dn\u011b zahrajeme na Silvestra ve Vala\u0161sk\u00e9m N\u00e1rodn\u00edm divadle v Karolince. Startujeme jako v\u017edy v 15:00 hod., vstupenky si ji\u017e te\u010f [&hellip;]<\/p>\n","protected":false},"author":1,"featured_media":0,"comment_status":"open","ping_status":"open","sticky":false,"template":"","format":"standard","meta":{"footnotes":""},"categories":[7],"tags":[],"_links":{"self":[{"href":"http:\/\/divadlometeora.cz\/index.php?rest_route=\/wp\/v2\/posts\/714"}],"collection":[{"href":"http:\/\/divadlometeora.cz\/index.php?rest_route=\/wp\/v2\/posts"}],"about":[{"href":"http:\/\/divadlometeora.cz\/index.php?rest_route=\/wp\/v2\/types\/post"}],"author":[{"embeddable":true,"href":"http:\/\/divadlometeora.cz\/index.php?rest_route=\/wp\/v2\/users\/1"}],"replies":[{"embeddable":true,"href":"http:\/\/divadlometeora.cz\/index.php?rest_route=%2Fwp%2Fv2%2Fcomments&post=714"}],"version-history":[{"count":1,"href":"http:\/\/divadlometeora.cz\/index.php?rest_route=\/wp\/v2\/posts\/714\/revisions"}],"predecessor-version":[{"id":717,"href":"http:\/\/divadlometeora.cz\/index.php?rest_route=\/wp\/v2\/posts\/714\/revisions\/717"}],"wp:attachment":[{"href":"http:\/\/divadlometeora.cz\/index.php?rest_route=%2Fwp%2Fv2%2Fmedia&parent=714"}],"wp:term":[{"taxonomy":"category","embeddable":true,"href":"http:\/\/divadlometeora.cz\/index.php?rest_route=%2Fwp%2Fv2%2Fcategories&post=714"},{"taxonomy":"post_tag","embeddable":true,"href":"http:\/\/divadlometeora.cz\/index.php?rest_route=%2Fwp%2Fv2%2Ftags&post=714"}],"curies":[{"name":"wp","href":"https:\/\/api.w.org\/{rel}","templated":true}]}}