{"id":814,"date":"2020-08-17T20:11:45","date_gmt":"2020-08-17T18:11:45","guid":{"rendered":"http:\/\/divadlometeora.cz\/?p=814"},"modified":"2020-08-17T20:11:45","modified_gmt":"2020-08-17T18:11:45","slug":"ukonceni-prazdnin-na-batove-kanale","status":"publish","type":"post","link":"http:\/\/divadlometeora.cz\/?p=814","title":{"rendered":"Ukon\u010den\u00ed pr\u00e1zdnin na Ba\u0165ov\u011b kan\u00e1le"},"content":{"rendered":"<p>Ano, vrac\u00edme se za V\u00e1mi \ud83d\ude42<\/p>\n<p>Ve \u010dtvrtek 27. 8. 2020 ukon\u010d\u00edme pr\u00e1zdniny na Ba\u0165ov\u011b kan\u00e1le skv\u011blou komedi\u00ed Panenka ve Star\u00e9m M\u011bst\u011b &#8211; v ZA\u0160\u00cdV\u00c1RN\u011a U OSLA, tak si p\u0159ij\u010fte posed\u011bt, pobavit se a dob\u0159e se naj\u00edst do tohoto kr\u00e1sn\u00e9ho prost\u0159ed\u00ed pln\u00e9ho klidu, kde V\u00e1s z my\u0161lenek, rozj\u00edm\u00e1n\u00ed a sm\u00edchu p\u0159ed a mo\u017en\u00e1 i b\u011bhem p\u0159edstaven\u00ed vyru\u0161\u00ed\u00a0 zah\u00fdk\u00e1n\u00ed osla Medarda, kter\u00fd je ned\u00edlnou sou\u010d\u00e1st\u00ed kr\u00e1sn\u00e9ho kouta sv\u011bta \ud83d\ude42<\/p>\n<p><a href=\"http:\/\/divadlometeora.cz\/wp-content\/uploads\/2020\/08\/Star\u00e9-M\u011bsto-U-OSLA.jpg\"><img decoding=\"async\" loading=\"lazy\" class=\"alignnone wp-image-815 size-large\" src=\"http:\/\/divadlometeora.cz\/wp-content\/uploads\/2020\/08\/Star\u00e9-M\u011bsto-U-OSLA-724x1024.jpg\" alt=\"\" width=\"604\" height=\"854\" srcset=\"http:\/\/divadlometeora.cz\/wp-content\/uploads\/2020\/08\/Star\u00e9-M\u011bsto-U-OSLA-724x1024.jpg 724w, http:\/\/divadlometeora.cz\/wp-content\/uploads\/2020\/08\/Star\u00e9-M\u011bsto-U-OSLA-212x300.jpg 212w, http:\/\/divadlometeora.cz\/wp-content\/uploads\/2020\/08\/Star\u00e9-M\u011bsto-U-OSLA-768x1086.jpg 768w, http:\/\/divadlometeora.cz\/wp-content\/uploads\/2020\/08\/Star\u00e9-M\u011bsto-U-OSLA.jpg 1425w\" sizes=\"(max-width: 604px) 100vw, 604px\" \/><\/a><\/p>\n","protected":false},"excerpt":{"rendered":"<p>Ano, vrac\u00edme se za V\u00e1mi \ud83d\ude42 Ve \u010dtvrtek 27. 8. 2020 ukon\u010d\u00edme pr\u00e1zdniny na Ba\u0165ov\u011b kan\u00e1le skv\u011blou komedi\u00ed Panenka ve Star\u00e9m M\u011bst\u011b &#8211; v ZA\u0160\u00cdV\u00c1RN\u011a U OSLA, tak si p\u0159ij\u010fte [&hellip;]<\/p>\n","protected":false},"author":1,"featured_media":0,"comment_status":"open","ping_status":"open","sticky":false,"template":"","format":"standard","meta":{"footnotes":""},"categories":[7],"tags":[],"_links":{"self":[{"href":"http:\/\/divadlometeora.cz\/index.php?rest_route=\/wp\/v2\/posts\/814"}],"collection":[{"href":"http:\/\/divadlometeora.cz\/index.php?rest_route=\/wp\/v2\/posts"}],"about":[{"href":"http:\/\/divadlometeora.cz\/index.php?rest_route=\/wp\/v2\/types\/post"}],"author":[{"embeddable":true,"href":"http:\/\/divadlometeora.cz\/index.php?rest_route=\/wp\/v2\/users\/1"}],"replies":[{"embeddable":true,"href":"http:\/\/divadlometeora.cz\/index.php?rest_route=%2Fwp%2Fv2%2Fcomments&post=814"}],"version-history":[{"count":1,"href":"http:\/\/divadlometeora.cz\/index.php?rest_route=\/wp\/v2\/posts\/814\/revisions"}],"predecessor-version":[{"id":816,"href":"http:\/\/divadlometeora.cz\/index.php?rest_route=\/wp\/v2\/posts\/814\/revisions\/816"}],"wp:attachment":[{"href":"http:\/\/divadlometeora.cz\/index.php?rest_route=%2Fwp%2Fv2%2Fmedia&parent=814"}],"wp:term":[{"taxonomy":"category","embeddable":true,"href":"http:\/\/divadlometeora.cz\/index.php?rest_route=%2Fwp%2Fv2%2Fcategories&post=814"},{"taxonomy":"post_tag","embeddable":true,"href":"http:\/\/divadlometeora.cz\/index.php?rest_route=%2Fwp%2Fv2%2Ftags&post=814"}],"curies":[{"name":"wp","href":"https:\/\/api.w.org\/{rel}","templated":true}]}}