{"id":824,"date":"2021-07-01T14:29:27","date_gmt":"2021-07-01T12:29:27","guid":{"rendered":"http:\/\/divadlometeora.cz\/?p=824"},"modified":"2021-07-01T14:29:27","modified_gmt":"2021-07-01T12:29:27","slug":"premiera","status":"publish","type":"post","link":"http:\/\/divadlometeora.cz\/?p=824","title":{"rendered":"PREMI\u00c9RA"},"content":{"rendered":"<p>P\u00e1tek 2. 7. 2021 ve 20:00 hod se na n\u00e1s m\u016f\u017eete t\u011b\u0161it v mal\u00e9 vesni\u010dce pobl\u00ed\u017e Vset\u00edna, kde odehrajeme meteor\u00e1ckou ji\u017e p\u00e1tou hru. Tentokr\u00e1t se jedn\u00e1 o vesel\u00fd p\u0159\u00edb\u011bh Ulricha Huba Tu\u010d\u0148\u00e1ci na Ar\u0161e. V p\u0159\u00edpad\u011b hezk\u00e9ho po\u010das\u00ed p\u0159edstaven\u00ed odehrajeme pod \u0161ir\u00fdm nebem.<\/p>\n<p>Moc se na V\u00e1s t\u011b\u0161\u00edme \ud83d\ude42<\/p>\n<p><a href=\"http:\/\/divadlometeora.cz\/wp-content\/uploads\/2021\/07\/plak\u00e1t.jpg\"><img decoding=\"async\" loading=\"lazy\" class=\"alignnone wp-image-827 size-full\" src=\"http:\/\/divadlometeora.cz\/wp-content\/uploads\/2021\/07\/plak\u00e1t.jpg\" alt=\"\" width=\"676\" height=\"953\" srcset=\"http:\/\/divadlometeora.cz\/wp-content\/uploads\/2021\/07\/plak\u00e1t.jpg 676w, http:\/\/divadlometeora.cz\/wp-content\/uploads\/2021\/07\/plak\u00e1t-213x300.jpg 213w\" sizes=\"(max-width: 676px) 100vw, 676px\" \/><\/a><\/p>\n","protected":false},"excerpt":{"rendered":"<p>P\u00e1tek 2. 7. 2021 ve 20:00 hod se na n\u00e1s m\u016f\u017eete t\u011b\u0161it v mal\u00e9 vesni\u010dce pobl\u00ed\u017e Vset\u00edna, kde odehrajeme meteor\u00e1ckou ji\u017e p\u00e1tou hru. Tentokr\u00e1t se jedn\u00e1 o vesel\u00fd p\u0159\u00edb\u011bh Ulricha [&hellip;]<\/p>\n","protected":false},"author":1,"featured_media":0,"comment_status":"open","ping_status":"open","sticky":false,"template":"","format":"standard","meta":{"footnotes":""},"categories":[1],"tags":[],"_links":{"self":[{"href":"http:\/\/divadlometeora.cz\/index.php?rest_route=\/wp\/v2\/posts\/824"}],"collection":[{"href":"http:\/\/divadlometeora.cz\/index.php?rest_route=\/wp\/v2\/posts"}],"about":[{"href":"http:\/\/divadlometeora.cz\/index.php?rest_route=\/wp\/v2\/types\/post"}],"author":[{"embeddable":true,"href":"http:\/\/divadlometeora.cz\/index.php?rest_route=\/wp\/v2\/users\/1"}],"replies":[{"embeddable":true,"href":"http:\/\/divadlometeora.cz\/index.php?rest_route=%2Fwp%2Fv2%2Fcomments&post=824"}],"version-history":[{"count":2,"href":"http:\/\/divadlometeora.cz\/index.php?rest_route=\/wp\/v2\/posts\/824\/revisions"}],"predecessor-version":[{"id":828,"href":"http:\/\/divadlometeora.cz\/index.php?rest_route=\/wp\/v2\/posts\/824\/revisions\/828"}],"wp:attachment":[{"href":"http:\/\/divadlometeora.cz\/index.php?rest_route=%2Fwp%2Fv2%2Fmedia&parent=824"}],"wp:term":[{"taxonomy":"category","embeddable":true,"href":"http:\/\/divadlometeora.cz\/index.php?rest_route=%2Fwp%2Fv2%2Fcategories&post=824"},{"taxonomy":"post_tag","embeddable":true,"href":"http:\/\/divadlometeora.cz\/index.php?rest_route=%2Fwp%2Fv2%2Ftags&post=824"}],"curies":[{"name":"wp","href":"https:\/\/api.w.org\/{rel}","templated":true}]}}