{"id":834,"date":"2021-07-14T09:21:45","date_gmt":"2021-07-14T07:21:45","guid":{"rendered":"http:\/\/divadlometeora.cz\/?p=834"},"modified":"2021-07-14T09:38:12","modified_gmt":"2021-07-14T07:38:12","slug":"zasivarna-u-osla-divadlo-pod-sirym-nebem","status":"publish","type":"post","link":"http:\/\/divadlometeora.cz\/?p=834","title":{"rendered":"Za\u0161\u00edv\u00e1rna U OSLA &#8211; &#8222;Divadlo pod \u0161ir\u00fdm nebem&#8220;"},"content":{"rendered":"<p>A op\u011bt n\u00e1s \u010dek\u00e1 l\u00e9to na Ba\u0165ov\u011b kan\u00e1le \ud83d\ude42<\/p>\n<p>Prvn\u00ed p\u0159edstaven\u00ed n\u00e1s \u010dek\u00e1 v Za\u0161\u00edv\u00e1rn\u011b U OSLA a my u\u017e se moc t\u011b\u0161\u00edme \ud83d\ude42<\/p>\n<p><em><strong>Akce &#8222;Divadlo pod \u0161ir\u00fdm nebem&#8220; je spolufinancov\u00e1na Zl\u00ednsk\u00fdm krajem.<a href=\"http:\/\/divadlometeora.cz\/wp-content\/uploads\/2021\/07\/tu\u010dn\u00e1ci.jpg\"><img decoding=\"async\" loading=\"lazy\" class=\"alignnone wp-image-840 size-full\" src=\"http:\/\/divadlometeora.cz\/wp-content\/uploads\/2021\/07\/tu\u010dn\u00e1ci.jpg\" alt=\"\" width=\"680\" height=\"960\" srcset=\"http:\/\/divadlometeora.cz\/wp-content\/uploads\/2021\/07\/tu\u010dn\u00e1ci.jpg 680w, http:\/\/divadlometeora.cz\/wp-content\/uploads\/2021\/07\/tu\u010dn\u00e1ci-213x300.jpg 213w\" sizes=\"(max-width: 680px) 100vw, 680px\" \/><\/a><\/strong><\/em><\/p>\n","protected":false},"excerpt":{"rendered":"<p>A op\u011bt n\u00e1s \u010dek\u00e1 l\u00e9to na Ba\u0165ov\u011b kan\u00e1le \ud83d\ude42 Prvn\u00ed p\u0159edstaven\u00ed n\u00e1s \u010dek\u00e1 v Za\u0161\u00edv\u00e1rn\u011b U OSLA a my u\u017e se moc t\u011b\u0161\u00edme \ud83d\ude42 Akce &#8222;Divadlo pod \u0161ir\u00fdm nebem&#8220; je [&hellip;]<\/p>\n","protected":false},"author":1,"featured_media":0,"comment_status":"open","ping_status":"open","sticky":false,"template":"","format":"standard","meta":{"footnotes":""},"categories":[7],"tags":[],"_links":{"self":[{"href":"http:\/\/divadlometeora.cz\/index.php?rest_route=\/wp\/v2\/posts\/834"}],"collection":[{"href":"http:\/\/divadlometeora.cz\/index.php?rest_route=\/wp\/v2\/posts"}],"about":[{"href":"http:\/\/divadlometeora.cz\/index.php?rest_route=\/wp\/v2\/types\/post"}],"author":[{"embeddable":true,"href":"http:\/\/divadlometeora.cz\/index.php?rest_route=\/wp\/v2\/users\/1"}],"replies":[{"embeddable":true,"href":"http:\/\/divadlometeora.cz\/index.php?rest_route=%2Fwp%2Fv2%2Fcomments&post=834"}],"version-history":[{"count":4,"href":"http:\/\/divadlometeora.cz\/index.php?rest_route=\/wp\/v2\/posts\/834\/revisions"}],"predecessor-version":[{"id":841,"href":"http:\/\/divadlometeora.cz\/index.php?rest_route=\/wp\/v2\/posts\/834\/revisions\/841"}],"wp:attachment":[{"href":"http:\/\/divadlometeora.cz\/index.php?rest_route=%2Fwp%2Fv2%2Fmedia&parent=834"}],"wp:term":[{"taxonomy":"category","embeddable":true,"href":"http:\/\/divadlometeora.cz\/index.php?rest_route=%2Fwp%2Fv2%2Fcategories&post=834"},{"taxonomy":"post_tag","embeddable":true,"href":"http:\/\/divadlometeora.cz\/index.php?rest_route=%2Fwp%2Fv2%2Ftags&post=834"}],"curies":[{"name":"wp","href":"https:\/\/api.w.org\/{rel}","templated":true}]}}