{"id":845,"date":"2021-07-28T10:04:40","date_gmt":"2021-07-28T08:04:40","guid":{"rendered":"http:\/\/divadlometeora.cz\/?p=845"},"modified":"2021-08-06T09:02:47","modified_gmt":"2021-08-06T07:02:47","slug":"tucnaci-opet-na-scene","status":"publish","type":"post","link":"http:\/\/divadlometeora.cz\/?p=845","title":{"rendered":"Tu\u010d\u0148\u00e1ci op\u011bt na sc\u00e9n\u011b :-)"},"content":{"rendered":"<p>A pokra\u010dujeme \ud83d\ude42 Tentokr\u00e1t se na n\u00e1s m\u016f\u017eete t\u011b\u0161it v amfite\u00e1tru ve Vala\u0161sk\u00e9m Mezi\u0159\u00ed\u010d\u00ed \ud83d\ude42<\/p>\n<p>T\u011b\u0161\u00edme se na V\u00e1s \ud83d\ude42<\/p>\n<p><em><strong>Akce &#8222;Divadlo pod \u0161ir\u00fdm nebem&#8220; je spolufinancov\u00e1na Zl\u00ednsk\u00fdm krajem.<\/strong><\/em><\/p>\n<p><a href=\"http:\/\/divadlometeora.cz\/wp-content\/uploads\/2021\/07\/VM.jpg\"><img decoding=\"async\" loading=\"lazy\" class=\"alignnone wp-image-847 size-full\" src=\"http:\/\/divadlometeora.cz\/wp-content\/uploads\/2021\/07\/VM.jpg\" alt=\"\" width=\"648\" height=\"911\" srcset=\"http:\/\/divadlometeora.cz\/wp-content\/uploads\/2021\/07\/VM.jpg 648w, http:\/\/divadlometeora.cz\/wp-content\/uploads\/2021\/07\/VM-213x300.jpg 213w\" sizes=\"(max-width: 648px) 100vw, 648px\" \/><\/a><\/p>\n","protected":false},"excerpt":{"rendered":"<p>A pokra\u010dujeme \ud83d\ude42 Tentokr\u00e1t se na n\u00e1s m\u016f\u017eete t\u011b\u0161it v amfite\u00e1tru ve Vala\u0161sk\u00e9m Mezi\u0159\u00ed\u010d\u00ed \ud83d\ude42 T\u011b\u0161\u00edme se na V\u00e1s \ud83d\ude42 Akce &#8222;Divadlo pod \u0161ir\u00fdm nebem&#8220; je spolufinancov\u00e1na Zl\u00ednsk\u00fdm krajem.<\/p>\n","protected":false},"author":1,"featured_media":0,"comment_status":"open","ping_status":"open","sticky":false,"template":"","format":"standard","meta":{"footnotes":""},"categories":[7,1],"tags":[],"_links":{"self":[{"href":"http:\/\/divadlometeora.cz\/index.php?rest_route=\/wp\/v2\/posts\/845"}],"collection":[{"href":"http:\/\/divadlometeora.cz\/index.php?rest_route=\/wp\/v2\/posts"}],"about":[{"href":"http:\/\/divadlometeora.cz\/index.php?rest_route=\/wp\/v2\/types\/post"}],"author":[{"embeddable":true,"href":"http:\/\/divadlometeora.cz\/index.php?rest_route=\/wp\/v2\/users\/1"}],"replies":[{"embeddable":true,"href":"http:\/\/divadlometeora.cz\/index.php?rest_route=%2Fwp%2Fv2%2Fcomments&post=845"}],"version-history":[{"count":2,"href":"http:\/\/divadlometeora.cz\/index.php?rest_route=\/wp\/v2\/posts\/845\/revisions"}],"predecessor-version":[{"id":848,"href":"http:\/\/divadlometeora.cz\/index.php?rest_route=\/wp\/v2\/posts\/845\/revisions\/848"}],"wp:attachment":[{"href":"http:\/\/divadlometeora.cz\/index.php?rest_route=%2Fwp%2Fv2%2Fmedia&parent=845"}],"wp:term":[{"taxonomy":"category","embeddable":true,"href":"http:\/\/divadlometeora.cz\/index.php?rest_route=%2Fwp%2Fv2%2Fcategories&post=845"},{"taxonomy":"post_tag","embeddable":true,"href":"http:\/\/divadlometeora.cz\/index.php?rest_route=%2Fwp%2Fv2%2Ftags&post=845"}],"curies":[{"name":"wp","href":"https:\/\/api.w.org\/{rel}","templated":true}]}}