{"id":873,"date":"2022-02-17T15:01:24","date_gmt":"2022-02-17T13:01:24","guid":{"rendered":"http:\/\/divadlometeora.cz\/?p=873"},"modified":"2022-02-17T15:01:24","modified_gmt":"2022-02-17T13:01:24","slug":"rok-2022-zahajujeme-netradicne","status":"publish","type":"post","link":"http:\/\/divadlometeora.cz\/?p=873","title":{"rendered":"ROK 2022 zahajujeme NETRADI\u010cN\u011a :-)"},"content":{"rendered":"<p><a href=\"http:\/\/divadlometeora.cz\/wp-content\/uploads\/2022\/02\/zbyn\u011bk.jpg\"><img decoding=\"async\" loading=\"lazy\" class=\" wp-image-875 aligncenter\" src=\"http:\/\/divadlometeora.cz\/wp-content\/uploads\/2022\/02\/zbyn\u011bk-300x111.jpg\" alt=\"\" width=\"562\" height=\"208\" srcset=\"http:\/\/divadlometeora.cz\/wp-content\/uploads\/2022\/02\/zbyn\u011bk-300x111.jpg 300w, http:\/\/divadlometeora.cz\/wp-content\/uploads\/2022\/02\/zbyn\u011bk-768x284.jpg 768w, http:\/\/divadlometeora.cz\/wp-content\/uploads\/2022\/02\/zbyn\u011bk.jpg 851w\" sizes=\"(max-width: 562px) 100vw, 562px\" \/><\/a>Je n\u00e1m pot\u011b\u0161en\u00ed zah\u00e1jit divadeln\u00ed sez\u00f3nu v roce 2022 v s\u00e1le Brillovky v Ro\u017enov\u011b pod Radho\u0161t\u011bm a je\u0161t\u011b v\u011bt\u0161\u00ed pot\u011b\u0161en\u00ed pro n\u00e1s, \u017ee ji uvedeme v z\u00e1bavn\u00e9m po\u0159adu Zby\u0148ka Ternera &#8222;Dobr\u00fd ve\u010der s divadlem&#8220;.<\/p>\n<p>Neprop\u00e1sn\u011bte p\u0159\u00edle\u017eitost, kdy n\u00e1s nejen m\u016f\u017eete op\u011bt vid\u011bt ve h\u0159e &#8222;Panenka&#8220;, ale tak\u00e9 V\u00e1m p\u0159ed p\u0159edstaven\u00edm pov\u00edme p\u00e1r historek ze \u017eivota a t\u0159eba zbyde i \u010das na n\u011bjakou tu ot\u00e1zku \ud83d\ude42<\/p>\n<p>Vstupenky v prodeji zde:<\/p>\n<p><a href=\"https:\/\/www.tka.cz\/program\/2022\/03\/dobry-vecer-s-divadlem?fbclid=IwAR1PBmuhNJmJzCzgz5QViB9HIvHwXTk78wdjOvSmVw3Eqp__IBomCrMwmFY\">https:\/\/www.tka.cz\/program\/2022\/03\/dobry-vecer-s-divadlem?fbclid=IwAR1PBmuhNJmJzCzgz5QViB9HIvHwXTk78wdjOvSmVw3Eqp__IBomCrMwmFY<\/a><\/p>\n<p>MOC SE NA V\u00c1S T\u011a\u0160\u00cdME \ud83d\ude42<\/p>\n<p>&nbsp;<\/p>\n","protected":false},"excerpt":{"rendered":"<p>Je n\u00e1m pot\u011b\u0161en\u00ed zah\u00e1jit divadeln\u00ed sez\u00f3nu v roce 2022 v s\u00e1le Brillovky v Ro\u017enov\u011b pod Radho\u0161t\u011bm a je\u0161t\u011b v\u011bt\u0161\u00ed pot\u011b\u0161en\u00ed pro n\u00e1s, \u017ee ji uvedeme v z\u00e1bavn\u00e9m po\u0159adu Zby\u0148ka Ternera [&hellip;]<\/p>\n","protected":false},"author":1,"featured_media":0,"comment_status":"open","ping_status":"open","sticky":false,"template":"","format":"standard","meta":{"footnotes":""},"categories":[7],"tags":[],"_links":{"self":[{"href":"http:\/\/divadlometeora.cz\/index.php?rest_route=\/wp\/v2\/posts\/873"}],"collection":[{"href":"http:\/\/divadlometeora.cz\/index.php?rest_route=\/wp\/v2\/posts"}],"about":[{"href":"http:\/\/divadlometeora.cz\/index.php?rest_route=\/wp\/v2\/types\/post"}],"author":[{"embeddable":true,"href":"http:\/\/divadlometeora.cz\/index.php?rest_route=\/wp\/v2\/users\/1"}],"replies":[{"embeddable":true,"href":"http:\/\/divadlometeora.cz\/index.php?rest_route=%2Fwp%2Fv2%2Fcomments&post=873"}],"version-history":[{"count":3,"href":"http:\/\/divadlometeora.cz\/index.php?rest_route=\/wp\/v2\/posts\/873\/revisions"}],"predecessor-version":[{"id":878,"href":"http:\/\/divadlometeora.cz\/index.php?rest_route=\/wp\/v2\/posts\/873\/revisions\/878"}],"wp:attachment":[{"href":"http:\/\/divadlometeora.cz\/index.php?rest_route=%2Fwp%2Fv2%2Fmedia&parent=873"}],"wp:term":[{"taxonomy":"category","embeddable":true,"href":"http:\/\/divadlometeora.cz\/index.php?rest_route=%2Fwp%2Fv2%2Fcategories&post=873"},{"taxonomy":"post_tag","embeddable":true,"href":"http:\/\/divadlometeora.cz\/index.php?rest_route=%2Fwp%2Fv2%2Ftags&post=873"}],"curies":[{"name":"wp","href":"https:\/\/api.w.org\/{rel}","templated":true}]}}