{"id":968,"date":"2022-08-18T08:26:59","date_gmt":"2022-08-18T06:26:59","guid":{"rendered":"http:\/\/divadlometeora.cz\/?p=968"},"modified":"2022-08-18T08:26:59","modified_gmt":"2022-08-18T06:26:59","slug":"leto-s-dokonalym-partnerem","status":"publish","type":"post","link":"http:\/\/divadlometeora.cz\/?p=968","title":{"rendered":"L\u00e9to s Dokonal\u00fdm partnerem :-)"},"content":{"rendered":"<p>Dokonal\u00fd partner je s V\u00e1mi v\u0161ude \ud83d\ude42<\/p>\n<p>&nbsp;<\/p>\n<p>Moc se na V\u00e1s t\u011b\u0161\u00edme \ud83d\ude42<\/p>\n<p><a href=\"http:\/\/divadlometeora.cz\/wp-content\/uploads\/2022\/08\/ValMez.jpg\"><img decoding=\"async\" loading=\"lazy\" class=\"alignnone wp-image-969 size-large\" src=\"http:\/\/divadlometeora.cz\/wp-content\/uploads\/2022\/08\/ValMez-731x1024.jpg\" alt=\"\" width=\"604\" height=\"846\" srcset=\"http:\/\/divadlometeora.cz\/wp-content\/uploads\/2022\/08\/ValMez-731x1024.jpg 731w, http:\/\/divadlometeora.cz\/wp-content\/uploads\/2022\/08\/ValMez-214x300.jpg 214w, http:\/\/divadlometeora.cz\/wp-content\/uploads\/2022\/08\/ValMez-768x1076.jpg 768w\" sizes=\"(max-width: 604px) 100vw, 604px\" \/><\/a> <a href=\"http:\/\/divadlometeora.cz\/wp-content\/uploads\/2022\/08\/Seninka.jpg\"><img decoding=\"async\" loading=\"lazy\" class=\"alignnone wp-image-970 size-large\" src=\"http:\/\/divadlometeora.cz\/wp-content\/uploads\/2022\/08\/Seninka-819x1024.jpg\" alt=\"\" width=\"604\" height=\"755\" srcset=\"http:\/\/divadlometeora.cz\/wp-content\/uploads\/2022\/08\/Seninka-819x1024.jpg 819w, http:\/\/divadlometeora.cz\/wp-content\/uploads\/2022\/08\/Seninka-240x300.jpg 240w, http:\/\/divadlometeora.cz\/wp-content\/uploads\/2022\/08\/Seninka-768x960.jpg 768w, http:\/\/divadlometeora.cz\/wp-content\/uploads\/2022\/08\/Seninka.jpg 1440w\" sizes=\"(max-width: 604px) 100vw, 604px\" \/><\/a> <a href=\"http:\/\/divadlometeora.cz\/wp-content\/uploads\/2022\/08\/\u00dast\u00ed.jpg\"><img decoding=\"async\" loading=\"lazy\" class=\"alignnone wp-image-971 size-large\" src=\"http:\/\/divadlometeora.cz\/wp-content\/uploads\/2022\/08\/\u00dast\u00ed-819x1024.jpg\" alt=\"\" width=\"604\" height=\"755\" srcset=\"http:\/\/divadlometeora.cz\/wp-content\/uploads\/2022\/08\/\u00dast\u00ed-819x1024.jpg 819w, http:\/\/divadlometeora.cz\/wp-content\/uploads\/2022\/08\/\u00dast\u00ed-240x300.jpg 240w, http:\/\/divadlometeora.cz\/wp-content\/uploads\/2022\/08\/\u00dast\u00ed-768x960.jpg 768w, http:\/\/divadlometeora.cz\/wp-content\/uploads\/2022\/08\/\u00dast\u00ed.jpg 1440w\" sizes=\"(max-width: 604px) 100vw, 604px\" \/><\/a>\u00a0 <a href=\"http:\/\/divadlometeora.cz\/wp-content\/uploads\/2022\/08\/Mikul\u016fvka.jpg\"><img decoding=\"async\" loading=\"lazy\" class=\"alignnone wp-image-973 size-large\" src=\"http:\/\/divadlometeora.cz\/wp-content\/uploads\/2022\/08\/Mikul\u016fvka-731x1024.jpg\" alt=\"\" width=\"604\" height=\"846\" srcset=\"http:\/\/divadlometeora.cz\/wp-content\/uploads\/2022\/08\/Mikul\u016fvka-731x1024.jpg 731w, http:\/\/divadlometeora.cz\/wp-content\/uploads\/2022\/08\/Mikul\u016fvka-214x300.jpg 214w, http:\/\/divadlometeora.cz\/wp-content\/uploads\/2022\/08\/Mikul\u016fvka-768x1076.jpg 768w, http:\/\/divadlometeora.cz\/wp-content\/uploads\/2022\/08\/Mikul\u016fvka.jpg 1462w\" sizes=\"(max-width: 604px) 100vw, 604px\" \/><\/a><\/p>\n","protected":false},"excerpt":{"rendered":"<p>Dokonal\u00fd partner je s V\u00e1mi v\u0161ude \ud83d\ude42 &nbsp; Moc se na V\u00e1s t\u011b\u0161\u00edme \ud83d\ude42 \u00a0<\/p>\n","protected":false},"author":1,"featured_media":0,"comment_status":"open","ping_status":"open","sticky":false,"template":"","format":"standard","meta":{"footnotes":""},"categories":[9],"tags":[],"_links":{"self":[{"href":"http:\/\/divadlometeora.cz\/index.php?rest_route=\/wp\/v2\/posts\/968"}],"collection":[{"href":"http:\/\/divadlometeora.cz\/index.php?rest_route=\/wp\/v2\/posts"}],"about":[{"href":"http:\/\/divadlometeora.cz\/index.php?rest_route=\/wp\/v2\/types\/post"}],"author":[{"embeddable":true,"href":"http:\/\/divadlometeora.cz\/index.php?rest_route=\/wp\/v2\/users\/1"}],"replies":[{"embeddable":true,"href":"http:\/\/divadlometeora.cz\/index.php?rest_route=%2Fwp%2Fv2%2Fcomments&post=968"}],"version-history":[{"count":2,"href":"http:\/\/divadlometeora.cz\/index.php?rest_route=\/wp\/v2\/posts\/968\/revisions"}],"predecessor-version":[{"id":975,"href":"http:\/\/divadlometeora.cz\/index.php?rest_route=\/wp\/v2\/posts\/968\/revisions\/975"}],"wp:attachment":[{"href":"http:\/\/divadlometeora.cz\/index.php?rest_route=%2Fwp%2Fv2%2Fmedia&parent=968"}],"wp:term":[{"taxonomy":"category","embeddable":true,"href":"http:\/\/divadlometeora.cz\/index.php?rest_route=%2Fwp%2Fv2%2Fcategories&post=968"},{"taxonomy":"post_tag","embeddable":true,"href":"http:\/\/divadlometeora.cz\/index.php?rest_route=%2Fwp%2Fv2%2Ftags&post=968"}],"curies":[{"name":"wp","href":"https:\/\/api.w.org\/{rel}","templated":true}]}}