{"id":982,"date":"2022-11-01T15:59:05","date_gmt":"2022-11-01T13:59:05","guid":{"rendered":"http:\/\/divadlometeora.cz\/?p=982"},"modified":"2022-11-01T15:59:05","modified_gmt":"2022-11-01T13:59:05","slug":"jestrabi-a-retechov","status":"publish","type":"post","link":"http:\/\/divadlometeora.cz\/?p=982","title":{"rendered":"JEST\u0158AB\u00cd a \u0158ETECHOV"},"content":{"rendered":"<p>.. A pokra\u010dujeme ve \u0161n\u016f\u0159e p\u0159edstaven\u00ed s Dokonal\u00fdm partnerem \ud83d\ude42<\/p>\n<p>I kdy\u017e je podzim pro n\u011bkter\u00e9 z n\u00e1s ve znamen\u00ed depres\u00ed, nenechte se jimi polapit a p\u0159ij\u010fte se\u00a0 pobavit a odreagovat se kulturn\u00edm z\u00e1\u017eitkem \ud83d\ude42<\/p>\n<p><a href=\"http:\/\/divadlometeora.cz\/wp-content\/uploads\/2022\/11\/Jest\u0159ab\u00ed.jpg\"><img decoding=\"async\" loading=\"lazy\" class=\"alignnone wp-image-983 size-large\" src=\"http:\/\/divadlometeora.cz\/wp-content\/uploads\/2022\/11\/Jest\u0159ab\u00ed-731x1024.jpg\" alt=\"\" width=\"604\" height=\"846\" srcset=\"http:\/\/divadlometeora.cz\/wp-content\/uploads\/2022\/11\/Jest\u0159ab\u00ed-731x1024.jpg 731w, http:\/\/divadlometeora.cz\/wp-content\/uploads\/2022\/11\/Jest\u0159ab\u00ed-214x300.jpg 214w, http:\/\/divadlometeora.cz\/wp-content\/uploads\/2022\/11\/Jest\u0159ab\u00ed-768x1076.jpg 768w\" sizes=\"(max-width: 604px) 100vw, 604px\" \/><\/a> <a href=\"http:\/\/divadlometeora.cz\/wp-content\/uploads\/2022\/11\/\u0158etechov.jpg\"><img decoding=\"async\" loading=\"lazy\" class=\"alignnone wp-image-984 size-large\" src=\"http:\/\/divadlometeora.cz\/wp-content\/uploads\/2022\/11\/\u0158etechov-731x1024.jpg\" alt=\"\" width=\"604\" height=\"846\" srcset=\"http:\/\/divadlometeora.cz\/wp-content\/uploads\/2022\/11\/\u0158etechov-731x1024.jpg 731w, http:\/\/divadlometeora.cz\/wp-content\/uploads\/2022\/11\/\u0158etechov-214x300.jpg 214w, http:\/\/divadlometeora.cz\/wp-content\/uploads\/2022\/11\/\u0158etechov-768x1076.jpg 768w\" sizes=\"(max-width: 604px) 100vw, 604px\" \/><\/a><\/p>\n","protected":false},"excerpt":{"rendered":"<p>.. A pokra\u010dujeme ve \u0161n\u016f\u0159e p\u0159edstaven\u00ed s Dokonal\u00fdm partnerem \ud83d\ude42 I kdy\u017e je podzim pro n\u011bkter\u00e9 z n\u00e1s ve znamen\u00ed depres\u00ed, nenechte se jimi polapit a p\u0159ij\u010fte se\u00a0 pobavit a [&hellip;]<\/p>\n","protected":false},"author":1,"featured_media":0,"comment_status":"open","ping_status":"open","sticky":false,"template":"","format":"standard","meta":{"footnotes":""},"categories":[9],"tags":[],"_links":{"self":[{"href":"http:\/\/divadlometeora.cz\/index.php?rest_route=\/wp\/v2\/posts\/982"}],"collection":[{"href":"http:\/\/divadlometeora.cz\/index.php?rest_route=\/wp\/v2\/posts"}],"about":[{"href":"http:\/\/divadlometeora.cz\/index.php?rest_route=\/wp\/v2\/types\/post"}],"author":[{"embeddable":true,"href":"http:\/\/divadlometeora.cz\/index.php?rest_route=\/wp\/v2\/users\/1"}],"replies":[{"embeddable":true,"href":"http:\/\/divadlometeora.cz\/index.php?rest_route=%2Fwp%2Fv2%2Fcomments&post=982"}],"version-history":[{"count":2,"href":"http:\/\/divadlometeora.cz\/index.php?rest_route=\/wp\/v2\/posts\/982\/revisions"}],"predecessor-version":[{"id":986,"href":"http:\/\/divadlometeora.cz\/index.php?rest_route=\/wp\/v2\/posts\/982\/revisions\/986"}],"wp:attachment":[{"href":"http:\/\/divadlometeora.cz\/index.php?rest_route=%2Fwp%2Fv2%2Fmedia&parent=982"}],"wp:term":[{"taxonomy":"category","embeddable":true,"href":"http:\/\/divadlometeora.cz\/index.php?rest_route=%2Fwp%2Fv2%2Fcategories&post=982"},{"taxonomy":"post_tag","embeddable":true,"href":"http:\/\/divadlometeora.cz\/index.php?rest_route=%2Fwp%2Fv2%2Ftags&post=982"}],"curies":[{"name":"wp","href":"https:\/\/api.w.org\/{rel}","templated":true}]}}