{"id":987,"date":"2022-11-29T15:55:11","date_gmt":"2022-11-29T13:55:11","guid":{"rendered":"http:\/\/divadlometeora.cz\/?p=987"},"modified":"2022-11-29T15:55:11","modified_gmt":"2022-11-29T13:55:11","slug":"silvestr-v-karolince-2","status":"publish","type":"post","link":"http:\/\/divadlometeora.cz\/?p=987","title":{"rendered":"Silvestr v Karolince"},"content":{"rendered":"<p>Po del\u0161\u00ed odmlce op\u011bt obnovujeme tradici silvestrovsk\u00fdch p\u0159edstaven\u00ed \ud83d\ude42<\/p>\n<p>31. 12. 2022 v 15:00 hod se na n\u00e1s m\u016f\u017eete t\u011b\u0161it ve Vala\u0161sk\u00e9m n\u00e1rodn\u00edm divadle v Karolince \ud83d\ude42<\/p>\n<p>P\u0159ive\u010fte zn\u00e1m\u00e9, kamar\u00e1dy, rodinu a zp\u0159\u00edjemn\u011bte si posledn\u00ed odpoledne v roce 2022<\/p>\n<p>Moc se na V\u00e1s v\u0161echny t\u011b\u0161\u00edme \ud83d\ude42<\/p>\n<p><a href=\"http:\/\/divadlometeora.cz\/wp-content\/uploads\/2022\/11\/Karolinka.jpg\"><img decoding=\"async\" loading=\"lazy\" class=\"alignnone wp-image-988 size-large\" src=\"http:\/\/divadlometeora.cz\/wp-content\/uploads\/2022\/11\/Karolinka-731x1024.jpg\" alt=\"\" width=\"604\" height=\"846\" srcset=\"http:\/\/divadlometeora.cz\/wp-content\/uploads\/2022\/11\/Karolinka-731x1024.jpg 731w, http:\/\/divadlometeora.cz\/wp-content\/uploads\/2022\/11\/Karolinka-214x300.jpg 214w, http:\/\/divadlometeora.cz\/wp-content\/uploads\/2022\/11\/Karolinka-768x1076.jpg 768w\" sizes=\"(max-width: 604px) 100vw, 604px\" \/><\/a><\/p>\n","protected":false},"excerpt":{"rendered":"<p>Po del\u0161\u00ed odmlce op\u011bt obnovujeme tradici silvestrovsk\u00fdch p\u0159edstaven\u00ed \ud83d\ude42 31. 12. 2022 v 15:00 hod se na n\u00e1s m\u016f\u017eete t\u011b\u0161it ve Vala\u0161sk\u00e9m n\u00e1rodn\u00edm divadle v Karolince \ud83d\ude42 P\u0159ive\u010fte zn\u00e1m\u00e9, kamar\u00e1dy, [&hellip;]<\/p>\n","protected":false},"author":1,"featured_media":0,"comment_status":"open","ping_status":"open","sticky":false,"template":"","format":"standard","meta":{"footnotes":""},"categories":[9],"tags":[],"_links":{"self":[{"href":"http:\/\/divadlometeora.cz\/index.php?rest_route=\/wp\/v2\/posts\/987"}],"collection":[{"href":"http:\/\/divadlometeora.cz\/index.php?rest_route=\/wp\/v2\/posts"}],"about":[{"href":"http:\/\/divadlometeora.cz\/index.php?rest_route=\/wp\/v2\/types\/post"}],"author":[{"embeddable":true,"href":"http:\/\/divadlometeora.cz\/index.php?rest_route=\/wp\/v2\/users\/1"}],"replies":[{"embeddable":true,"href":"http:\/\/divadlometeora.cz\/index.php?rest_route=%2Fwp%2Fv2%2Fcomments&post=987"}],"version-history":[{"count":1,"href":"http:\/\/divadlometeora.cz\/index.php?rest_route=\/wp\/v2\/posts\/987\/revisions"}],"predecessor-version":[{"id":989,"href":"http:\/\/divadlometeora.cz\/index.php?rest_route=\/wp\/v2\/posts\/987\/revisions\/989"}],"wp:attachment":[{"href":"http:\/\/divadlometeora.cz\/index.php?rest_route=%2Fwp%2Fv2%2Fmedia&parent=987"}],"wp:term":[{"taxonomy":"category","embeddable":true,"href":"http:\/\/divadlometeora.cz\/index.php?rest_route=%2Fwp%2Fv2%2Fcategories&post=987"},{"taxonomy":"post_tag","embeddable":true,"href":"http:\/\/divadlometeora.cz\/index.php?rest_route=%2Fwp%2Fv2%2Ftags&post=987"}],"curies":[{"name":"wp","href":"https:\/\/api.w.org\/{rel}","templated":true}]}}